{"id":91,"date":"2023-10-01T12:23:10","date_gmt":"2023-10-01T09:23:10","guid":{"rendered":"https:\/\/kolon-guclendirme.com\/silivri\/silivri-gumusyaka-karbon-elyaf-teras-guclendirme-fiyati-478\/"},"modified":"2023-10-01T12:23:11","modified_gmt":"2023-10-01T09:23:11","slug":"silivri-gumusyaka-karbon-elyaf-teras-guclendirme-fiyati-478","status":"publish","type":"post","link":"https:\/\/kolon-guclendirme.com\/silivri\/silivri-gumusyaka-karbon-elyaf-teras-guclendirme-fiyati-478\/","title":{"rendered":"Silivri G\u00fcm\u00fc\u015fyaka Karbon elyaf teras g\u00fc\u00e7lendirme fiyat\u0131"},"content":{"rendered":"<p>Silivri G\u00fcm\u00fc\u015fyaka Karbon elyaf teras g\u00fc\u00e7lendirme fiyat\u0131 478 Kavakl\u0131 H\u00fcrriyet Kiri\u015f frp kaplama ustas\u0131 7528, Selimpa\u015fa Kiri\u015f frp elyaf g\u00fc\u00e7lendirme ustas\u0131 9993, Yol\u00e7at\u0131 Carbon lif teras g\u00fc\u00e7lendirme ustas\u0131 3121, Yol\u00e7at\u0131 Karbon fiber kiri\u015f g\u00fc\u00e7lendirme 1276, Piri Mehmet Pa\u015fa Zemin karbon lif kaplama fiyatlar\u0131 1196, Cumhuriyet Zemin frp g\u00fc\u00e7lendirme firmalar\u0131 5050 Silivri ve Selimpa\u015fa de Hizmet vermekteyiz Karbon Fiber Kolon Kiri\u015f G\u00fc\u00e7lendirme i\u015flerinizde En uygun Fiyat Kaliteli i\u015f\u00e7ilik i\u00e7in 7\/24 Saat Firmam\u0131z ile ileti\u015fime Ge\u00e7ebilirsiniz www.arckarbonguclendirme.com +905427483855<\/p>\n<p>        <!-- \/wp:paragraph --><\/p>\n<div id='gallery-1' class='gallery galleryid-91 gallery-columns-2 gallery-size-large'><figure class='gallery-item'>\n\t\t\t<div class='gallery-icon portrait'>\n\t\t\t\t<a href='https:\/\/kolon-guclendirme.com\/silivri\/wp-content\/uploads\/sites\/99\/2023\/09\/Silivri-Karbon-lif-tavan-guclendirme-fiyati-87270.webp'><img loading=\"lazy\" decoding=\"async\" width=\"853\" height=\"1200\" src=\"https:\/\/kolon-guclendirme.com\/silivri\/wp-content\/uploads\/sites\/99\/2023\/09\/Silivri-Karbon-lif-tavan-guclendirme-fiyati-87270.webp\" class=\"attachment-large size-large\" alt=\"\" srcset=\"https:\/\/kolon-guclendirme.com\/silivri\/wp-content\/uploads\/sites\/99\/2023\/09\/Silivri-Karbon-lif-tavan-guclendirme-fiyati-87270.webp 853w, https:\/\/kolon-guclendirme.com\/silivri\/wp-content\/uploads\/sites\/99\/2023\/09\/Silivri-Karbon-lif-tavan-guclendirme-fiyati-87270-768x1080.webp 768w\" sizes=\"(max-width: 853px) 100vw, 853px\" \/><\/a>\n\t\t\t<\/div><\/figure><figure class='gallery-item'>\n\t\t\t<div class='gallery-icon portrait'>\n\t\t\t\t<a href='https:\/\/kolon-guclendirme.com\/silivri\/wp-content\/uploads\/sites\/99\/2023\/09\/Silivri-Kolon-karbon-elyaf-kaplama-fiyatlari-43961.webp'><img loading=\"lazy\" decoding=\"async\" width=\"853\" height=\"1200\" src=\"https:\/\/kolon-guclendirme.com\/silivri\/wp-content\/uploads\/sites\/99\/2023\/09\/Silivri-Kolon-karbon-elyaf-kaplama-fiyatlari-43961.webp\" class=\"attachment-large size-large\" alt=\"\" srcset=\"https:\/\/kolon-guclendirme.com\/silivri\/wp-content\/uploads\/sites\/99\/2023\/09\/Silivri-Kolon-karbon-elyaf-kaplama-fiyatlari-43961.webp 853w, https:\/\/kolon-guclendirme.com\/silivri\/wp-content\/uploads\/sites\/99\/2023\/09\/Silivri-Kolon-karbon-elyaf-kaplama-fiyatlari-43961-768x1080.webp 768w\" sizes=\"(max-width: 853px) 100vw, 853px\" \/><\/a>\n\t\t\t<\/div><\/figure>\n\t\t<\/div>\n\n","protected":false},"excerpt":{"rendered":"<p>Silivri G\u00fcm\u00fc\u015fyaka Karbon elyaf teras g\u00fc\u00e7lendirme fiyat\u0131 478 Kavakl\u0131 H\u00fcrriyet Kiri\u015f frp kaplama ustas\u0131 7528, Selimpa\u015fa Kiri\u015f frp elyaf g\u00fc\u00e7lendirme ustas\u0131 9993, Yol\u00e7at\u0131 Carbon lif teras g\u00fc\u00e7lendirme ustas\u0131 3121, Yol\u00e7at\u0131 &#8230;<\/p>\n","protected":false},"author":1,"featured_media":1679,"comment_status":"open","ping_status":"open","sticky":false,"template":"","format":"standard","meta":{"footnotes":""},"categories":[1],"tags":[31,11,12,23,10],"_links":{"self":[{"href":"https:\/\/kolon-guclendirme.com\/silivri\/wp-json\/wp\/v2\/posts\/91"}],"collection":[{"href":"https:\/\/kolon-guclendirme.com\/silivri\/wp-json\/wp\/v2\/posts"}],"about":[{"href":"https:\/\/kolon-guclendirme.com\/silivri\/wp-json\/wp\/v2\/types\/post"}],"author":[{"embeddable":true,"href":"https:\/\/kolon-guclendirme.com\/silivri\/wp-json\/wp\/v2\/users\/1"}],"replies":[{"embeddable":true,"href":"https:\/\/kolon-guclendirme.com\/silivri\/wp-json\/wp\/v2\/comments?post=91"}],"version-history":[{"count":1,"href":"https:\/\/kolon-guclendirme.com\/silivri\/wp-json\/wp\/v2\/posts\/91\/revisions"}],"predecessor-version":[{"id":1739,"href":"https:\/\/kolon-guclendirme.com\/silivri\/wp-json\/wp\/v2\/posts\/91\/revisions\/1739"}],"wp:featuredmedia":[{"embeddable":true,"href":"https:\/\/kolon-guclendirme.com\/silivri\/wp-json\/wp\/v2\/media\/1679"}],"wp:attachment":[{"href":"https:\/\/kolon-guclendirme.com\/silivri\/wp-json\/wp\/v2\/media?parent=91"}],"wp:term":[{"taxonomy":"category","embeddable":true,"href":"https:\/\/kolon-guclendirme.com\/silivri\/wp-json\/wp\/v2\/categories?post=91"},{"taxonomy":"post_tag","embeddable":true,"href":"https:\/\/kolon-guclendirme.com\/silivri\/wp-json\/wp\/v2\/tags?post=91"}],"curies":[{"name":"wp","href":"https:\/\/api.w.org\/{rel}","templated":true}]}}