{"id":392,"date":"2023-10-01T12:22:32","date_gmt":"2023-10-01T09:22:32","guid":{"rendered":"https:\/\/kolon-guclendirme.com\/silivri\/silivri-yapi-carbon-lif-kaplama\/"},"modified":"2023-10-01T12:22:33","modified_gmt":"2023-10-01T09:22:33","slug":"silivri-yapi-carbon-lif-kaplama","status":"publish","type":"post","link":"https:\/\/kolon-guclendirme.com\/silivri\/silivri-yapi-carbon-lif-kaplama\/","title":{"rendered":"Silivri Yap\u0131 carbon lif kaplama"},"content":{"rendered":"<p>Silivri Yap\u0131 carbon lif kaplama \u201cSilivri \u00c7anta Mimarsinan\u2019da kiri\u015f onar\u0131m\u0131 i\u00e7in y\u00fcksek mukavemetli epoksi re\u00e7ineler, dayan\u0131kl\u0131 \u00e7\u00f6z\u00fcmler sunar. Bu modern y\u00f6ntem, kiri\u015fleri g\u00fc\u00e7lendirerek yap\u0131lar\u0131 depreme kar\u015f\u0131 korur. Uzmanlarca uygulanan re\u00e7ine ile yap\u0131lan onar\u0131mlar, uzun \u00f6m\u00fcrl\u00fc ve g\u00fcvenli sonu\u00e7lar verir. Detaylar i\u00e7in yerel uzmanlara dan\u0131\u015fabilirsiniz.\u201d www.karbonfiberbinaguclendirme.com +905427483855 Instagram Facebook TikTok Twitter Medium LinkedIn Link Link Link Link Link Link<\/p>\n<p>        <!-- \/wp:paragraph --><\/p>\n<div id='gallery-1' class='gallery galleryid-392 gallery-columns-2 gallery-size-large'><figure class='gallery-item'>\n\t\t\t<div class='gallery-icon portrait'>\n\t\t\t\t<a href='https:\/\/kolon-guclendirme.com\/silivri\/wp-content\/uploads\/sites\/99\/2023\/09\/Silivri-Karbon-kumas-duvar-guclendirme-3243.webp'><img loading=\"lazy\" decoding=\"async\" width=\"853\" height=\"1200\" src=\"https:\/\/kolon-guclendirme.com\/silivri\/wp-content\/uploads\/sites\/99\/2023\/09\/Silivri-Karbon-kumas-duvar-guclendirme-3243.webp\" class=\"attachment-large size-large\" alt=\"Silivri Karbon kumas duvar guclendirme 3243\" aria-describedby=\"gallery-1-1607\" srcset=\"https:\/\/kolon-guclendirme.com\/silivri\/wp-content\/uploads\/sites\/99\/2023\/09\/Silivri-Karbon-kumas-duvar-guclendirme-3243.webp 853w, https:\/\/kolon-guclendirme.com\/silivri\/wp-content\/uploads\/sites\/99\/2023\/09\/Silivri-Karbon-kumas-duvar-guclendirme-3243-768x1080.webp 768w\" sizes=\"(max-width: 853px) 100vw, 853px\" \/><\/a>\n\t\t\t<\/div>\n\t\t\t\t<figcaption class='wp-caption-text gallery-caption' id='gallery-1-1607'>\n\t\t\t\tSilivri Karbon kumas duvar guclendirme 3243\n\t\t\t\t<\/figcaption><\/figure><figure class='gallery-item'>\n\t\t\t<div class='gallery-icon portrait'>\n\t\t\t\t<a href='https:\/\/kolon-guclendirme.com\/silivri\/wp-content\/uploads\/sites\/99\/2023\/09\/Silivri-En-son-orta-hasarli-binalar-ne-olacak-54283.webp'><img loading=\"lazy\" decoding=\"async\" width=\"853\" height=\"1200\" src=\"https:\/\/kolon-guclendirme.com\/silivri\/wp-content\/uploads\/sites\/99\/2023\/09\/Silivri-En-son-orta-hasarli-binalar-ne-olacak-54283.webp\" class=\"attachment-large size-large\" alt=\"\" srcset=\"https:\/\/kolon-guclendirme.com\/silivri\/wp-content\/uploads\/sites\/99\/2023\/09\/Silivri-En-son-orta-hasarli-binalar-ne-olacak-54283.webp 853w, https:\/\/kolon-guclendirme.com\/silivri\/wp-content\/uploads\/sites\/99\/2023\/09\/Silivri-En-son-orta-hasarli-binalar-ne-olacak-54283-768x1080.webp 768w\" sizes=\"(max-width: 853px) 100vw, 853px\" \/><\/a>\n\t\t\t<\/div><\/figure>\n\t\t<\/div>\n\n","protected":false},"excerpt":{"rendered":"<p>Silivri Yap\u0131 carbon lif kaplama \u201cSilivri \u00c7anta Mimarsinan\u2019da kiri\u015f onar\u0131m\u0131 i\u00e7in y\u00fcksek mukavemetli epoksi re\u00e7ineler, dayan\u0131kl\u0131 \u00e7\u00f6z\u00fcmler sunar. Bu modern y\u00f6ntem, kiri\u015fleri g\u00fc\u00e7lendirerek yap\u0131lar\u0131 depreme kar\u015f\u0131 korur. Uzmanlarca uygulanan re\u00e7ine &#8230;<\/p>\n","protected":false},"author":1,"featured_media":1521,"comment_status":"open","ping_status":"open","sticky":false,"template":"","format":"standard","meta":{"footnotes":""},"categories":[1],"tags":[22,20,17,21,19],"_links":{"self":[{"href":"https:\/\/kolon-guclendirme.com\/silivri\/wp-json\/wp\/v2\/posts\/392"}],"collection":[{"href":"https:\/\/kolon-guclendirme.com\/silivri\/wp-json\/wp\/v2\/posts"}],"about":[{"href":"https:\/\/kolon-guclendirme.com\/silivri\/wp-json\/wp\/v2\/types\/post"}],"author":[{"embeddable":true,"href":"https:\/\/kolon-guclendirme.com\/silivri\/wp-json\/wp\/v2\/users\/1"}],"replies":[{"embeddable":true,"href":"https:\/\/kolon-guclendirme.com\/silivri\/wp-json\/wp\/v2\/comments?post=392"}],"version-history":[{"count":1,"href":"https:\/\/kolon-guclendirme.com\/silivri\/wp-json\/wp\/v2\/posts\/392\/revisions"}],"predecessor-version":[{"id":1684,"href":"https:\/\/kolon-guclendirme.com\/silivri\/wp-json\/wp\/v2\/posts\/392\/revisions\/1684"}],"wp:featuredmedia":[{"embeddable":true,"href":"https:\/\/kolon-guclendirme.com\/silivri\/wp-json\/wp\/v2\/media\/1521"}],"wp:attachment":[{"href":"https:\/\/kolon-guclendirme.com\/silivri\/wp-json\/wp\/v2\/media?parent=392"}],"wp:term":[{"taxonomy":"category","embeddable":true,"href":"https:\/\/kolon-guclendirme.com\/silivri\/wp-json\/wp\/v2\/categories?post=392"},{"taxonomy":"post_tag","embeddable":true,"href":"https:\/\/kolon-guclendirme.com\/silivri\/wp-json\/wp\/v2\/tags?post=392"}],"curies":[{"name":"wp","href":"https:\/\/api.w.org\/{rel}","templated":true}]}}