{"id":374,"date":"2023-10-01T12:22:34","date_gmt":"2023-10-01T09:22:34","guid":{"rendered":"https:\/\/kolon-guclendirme.com\/silivri\/silivri-karbon-fiber-guclendirme-saglikli-mi\/"},"modified":"2023-10-01T12:22:35","modified_gmt":"2023-10-01T09:22:35","slug":"silivri-karbon-fiber-guclendirme-saglikli-mi","status":"publish","type":"post","link":"https:\/\/kolon-guclendirme.com\/silivri\/silivri-karbon-fiber-guclendirme-saglikli-mi\/","title":{"rendered":"Silivri karbon fiber g\u00fc\u00e7lendirme sa\u011fl\u0131kl\u0131 m\u0131"},"content":{"rendered":"<p>Silivri karbon fiber g\u00fc\u00e7lendirme sa\u011fl\u0131kl\u0131 m\u0131 Silivri il\u00e7esi Yol\u00e7at\u0131\u2019nda, tavanlara uygulanan karbon ke\u00e7e kaplama maliyeti, yap\u0131 b\u00fcy\u00fckl\u00fc\u011f\u00fcne g\u00f6re de\u011fi\u015fir. Genellikle metrekare ba\u015f\u0131na 100-200 TL aras\u0131nda uygun fiyatlarla yap\u0131lan bu g\u00fc\u00e7lendirme, tavanlara ekstra dayan\u0131kl\u0131l\u0131k kazand\u0131r\u0131r ve depreme kar\u015f\u0131 koruma sa\u011flar. Uzman ekiplerle \u00e7al\u0131\u015farak tavanlar\u0131n\u0131z\u0131 modernle\u015ftirebilir, g\u00fcvenli ve estetik bir \u00e7\u00f6z\u00fcm elde edebilirsiniz. www.kolon-guclendirme.com +905427483855 Instagram Facebook TikTok Twitter Medium LinkedIn Link Link Link Link Link Link<\/p>\n<p>        <!-- \/wp:paragraph --><\/p>\n<div id='gallery-1' class='gallery galleryid-374 gallery-columns-2 gallery-size-large'><figure class='gallery-item'>\n\t\t\t<div class='gallery-icon portrait'>\n\t\t\t\t<a href='https:\/\/kolon-guclendirme.com\/silivri\/wp-content\/uploads\/sites\/99\/2023\/09\/Silivri-Zemin-karbon-fiber-guclendirme-ustasi-10910.webp'><img loading=\"lazy\" decoding=\"async\" width=\"853\" height=\"1200\" src=\"https:\/\/kolon-guclendirme.com\/silivri\/wp-content\/uploads\/sites\/99\/2023\/09\/Silivri-Zemin-karbon-fiber-guclendirme-ustasi-10910.webp\" class=\"attachment-large size-large\" alt=\"Kavakl\u0131 Cumhuriyet Duvar carbon elyaf kaplama\" srcset=\"https:\/\/kolon-guclendirme.com\/silivri\/wp-content\/uploads\/sites\/99\/2023\/09\/Silivri-Zemin-karbon-fiber-guclendirme-ustasi-10910.webp 853w, https:\/\/kolon-guclendirme.com\/silivri\/wp-content\/uploads\/sites\/99\/2023\/09\/Silivri-Zemin-karbon-fiber-guclendirme-ustasi-10910-768x1080.webp 768w\" sizes=\"(max-width: 853px) 100vw, 853px\" \/><\/a>\n\t\t\t<\/div><\/figure><figure class='gallery-item'>\n\t\t\t<div class='gallery-icon portrait'>\n\t\t\t\t<a href='https:\/\/kolon-guclendirme.com\/silivri\/wp-content\/uploads\/sites\/99\/2023\/09\/Silivri-Karbon-lif-kiris-guclendirme-firmalari-65379.webp'><img loading=\"lazy\" decoding=\"async\" width=\"853\" height=\"1200\" src=\"https:\/\/kolon-guclendirme.com\/silivri\/wp-content\/uploads\/sites\/99\/2023\/09\/Silivri-Karbon-lif-kiris-guclendirme-firmalari-65379.webp\" class=\"attachment-large size-large\" alt=\"\" srcset=\"https:\/\/kolon-guclendirme.com\/silivri\/wp-content\/uploads\/sites\/99\/2023\/09\/Silivri-Karbon-lif-kiris-guclendirme-firmalari-65379.webp 853w, https:\/\/kolon-guclendirme.com\/silivri\/wp-content\/uploads\/sites\/99\/2023\/09\/Silivri-Karbon-lif-kiris-guclendirme-firmalari-65379-768x1080.webp 768w\" sizes=\"(max-width: 853px) 100vw, 853px\" \/><\/a>\n\t\t\t<\/div><\/figure>\n\t\t<\/div>\n\n","protected":false},"excerpt":{"rendered":"<p>Silivri karbon fiber g\u00fc\u00e7lendirme sa\u011fl\u0131kl\u0131 m\u0131 Silivri il\u00e7esi Yol\u00e7at\u0131\u2019nda, tavanlara uygulanan karbon ke\u00e7e kaplama maliyeti, yap\u0131 b\u00fcy\u00fckl\u00fc\u011f\u00fcne g\u00f6re de\u011fi\u015fir. Genellikle metrekare ba\u015f\u0131na 100-200 TL aras\u0131nda uygun fiyatlarla yap\u0131lan bu g\u00fc\u00e7lendirme, &#8230;<\/p>\n","protected":false},"author":1,"featured_media":1521,"comment_status":"open","ping_status":"open","sticky":false,"template":"","format":"standard","meta":{"footnotes":""},"categories":[1],"tags":[28,11,12,29,21],"_links":{"self":[{"href":"https:\/\/kolon-guclendirme.com\/silivri\/wp-json\/wp\/v2\/posts\/374"}],"collection":[{"href":"https:\/\/kolon-guclendirme.com\/silivri\/wp-json\/wp\/v2\/posts"}],"about":[{"href":"https:\/\/kolon-guclendirme.com\/silivri\/wp-json\/wp\/v2\/types\/post"}],"author":[{"embeddable":true,"href":"https:\/\/kolon-guclendirme.com\/silivri\/wp-json\/wp\/v2\/users\/1"}],"replies":[{"embeddable":true,"href":"https:\/\/kolon-guclendirme.com\/silivri\/wp-json\/wp\/v2\/comments?post=374"}],"version-history":[{"count":1,"href":"https:\/\/kolon-guclendirme.com\/silivri\/wp-json\/wp\/v2\/posts\/374\/revisions"}],"predecessor-version":[{"id":1687,"href":"https:\/\/kolon-guclendirme.com\/silivri\/wp-json\/wp\/v2\/posts\/374\/revisions\/1687"}],"wp:featuredmedia":[{"embeddable":true,"href":"https:\/\/kolon-guclendirme.com\/silivri\/wp-json\/wp\/v2\/media\/1521"}],"wp:attachment":[{"href":"https:\/\/kolon-guclendirme.com\/silivri\/wp-json\/wp\/v2\/media?parent=374"}],"wp:term":[{"taxonomy":"category","embeddable":true,"href":"https:\/\/kolon-guclendirme.com\/silivri\/wp-json\/wp\/v2\/categories?post=374"},{"taxonomy":"post_tag","embeddable":true,"href":"https:\/\/kolon-guclendirme.com\/silivri\/wp-json\/wp\/v2\/tags?post=374"}],"curies":[{"name":"wp","href":"https:\/\/api.w.org\/{rel}","templated":true}]}}