{"id":326,"date":"2023-10-01T12:22:40","date_gmt":"2023-10-01T09:22:40","guid":{"rendered":"https:\/\/kolon-guclendirme.com\/silivri\/silivri-teras-karbon-fiber-guclendirme\/"},"modified":"2023-10-01T12:22:41","modified_gmt":"2023-10-01T09:22:41","slug":"silivri-teras-karbon-fiber-guclendirme","status":"publish","type":"post","link":"https:\/\/kolon-guclendirme.com\/silivri\/silivri-teras-karbon-fiber-guclendirme\/","title":{"rendered":"Silivri Teras karbon fiber g\u00fc\u00e7lendirme"},"content":{"rendered":"<p>Silivri Teras karbon fiber g\u00fc\u00e7lendirme Silivri il\u00e7esinin \u00f6nemli semtlerinden biri olan Cumhuriyet, carbon ke\u00e7e teras g\u00fc\u00e7lendirme hizmeti sunan bir\u00e7ok uzman firmaya ev sahipli\u011fi yapar. Bu firmalar, teraslara kaliteli malzeme ve uzman i\u015f\u00e7ilikle g\u00fc\u00e7lendirme sa\u011flar. Carbon ke\u00e7e teras g\u00fc\u00e7lendirme, teraslar\u0131n dayan\u0131kl\u0131l\u0131\u011f\u0131n\u0131 art\u0131r\u0131r ve uzun \u00f6m\u00fcrl\u00fc kullan\u0131m sa\u011flar. Cumhuriyet\u2019teki yap\u0131 sahipleri, teraslar\u0131n\u0131 g\u00fcvenli ve sa\u011flam hale getirmek i\u00e7in carbon ke\u00e7e teras g\u00fc\u00e7lendirme firmalar\u0131yla ileti\u015fime ge\u00e7ebilirler. Uzmanlar\u0131n deneyimi ve profesyonel hizmetleri, teras\u0131n\u0131z\u0131 sa\u011flam ve g\u00fcvenli bir \u015fekilde korumaya yard\u0131mc\u0131 olacakt\u0131r. www.karbonfiberbinaguclendirme.com +905427483855 Instagram Facebook TikTok Twitter Medium LinkedIn Link Link Link Link Link Link<\/p>\n<p>        <!-- \/wp:paragraph --><\/p>\n<div id='gallery-1' class='gallery galleryid-326 gallery-columns-2 gallery-size-large'><figure class='gallery-item'>\n\t\t\t<div class='gallery-icon portrait'>\n\t\t\t\t<a href='https:\/\/kolon-guclendirme.com\/silivri\/wp-content\/uploads\/sites\/99\/2023\/09\/Silivri-Frp-kumas-kiris-guclendirme-4702.webp'><img loading=\"lazy\" decoding=\"async\" width=\"853\" height=\"1200\" src=\"https:\/\/kolon-guclendirme.com\/silivri\/wp-content\/uploads\/sites\/99\/2023\/09\/Silivri-Frp-kumas-kiris-guclendirme-4702.webp\" class=\"attachment-large size-large\" alt=\"\" srcset=\"https:\/\/kolon-guclendirme.com\/silivri\/wp-content\/uploads\/sites\/99\/2023\/09\/Silivri-Frp-kumas-kiris-guclendirme-4702.webp 853w, https:\/\/kolon-guclendirme.com\/silivri\/wp-content\/uploads\/sites\/99\/2023\/09\/Silivri-Frp-kumas-kiris-guclendirme-4702-768x1080.webp 768w\" sizes=\"(max-width: 853px) 100vw, 853px\" \/><\/a>\n\t\t\t<\/div><\/figure><figure class='gallery-item'>\n\t\t\t<div class='gallery-icon portrait'>\n\t\t\t\t<a href='https:\/\/kolon-guclendirme.com\/silivri\/wp-content\/uploads\/sites\/99\/2023\/09\/Silivri-karbon-elyaf-guclendirme-ntv-35812.webp'><img loading=\"lazy\" decoding=\"async\" width=\"853\" height=\"1200\" src=\"https:\/\/kolon-guclendirme.com\/silivri\/wp-content\/uploads\/sites\/99\/2023\/09\/Silivri-karbon-elyaf-guclendirme-ntv-35812.webp\" class=\"attachment-large size-large\" alt=\"\" srcset=\"https:\/\/kolon-guclendirme.com\/silivri\/wp-content\/uploads\/sites\/99\/2023\/09\/Silivri-karbon-elyaf-guclendirme-ntv-35812.webp 853w, https:\/\/kolon-guclendirme.com\/silivri\/wp-content\/uploads\/sites\/99\/2023\/09\/Silivri-karbon-elyaf-guclendirme-ntv-35812-768x1080.webp 768w\" sizes=\"(max-width: 853px) 100vw, 853px\" \/><\/a>\n\t\t\t<\/div><\/figure>\n\t\t<\/div>\n\n","protected":false},"excerpt":{"rendered":"<p>Silivri Teras karbon fiber g\u00fc\u00e7lendirme Silivri il\u00e7esinin \u00f6nemli semtlerinden biri olan Cumhuriyet, carbon ke\u00e7e teras g\u00fc\u00e7lendirme hizmeti sunan bir\u00e7ok uzman firmaya ev sahipli\u011fi yapar. Bu firmalar, teraslara kaliteli malzeme ve &#8230;<\/p>\n","protected":false},"author":1,"featured_media":1487,"comment_status":"open","ping_status":"open","sticky":false,"template":"","format":"standard","meta":{"footnotes":""},"categories":[1],"tags":[11,12,38,10],"_links":{"self":[{"href":"https:\/\/kolon-guclendirme.com\/silivri\/wp-json\/wp\/v2\/posts\/326"}],"collection":[{"href":"https:\/\/kolon-guclendirme.com\/silivri\/wp-json\/wp\/v2\/posts"}],"about":[{"href":"https:\/\/kolon-guclendirme.com\/silivri\/wp-json\/wp\/v2\/types\/post"}],"author":[{"embeddable":true,"href":"https:\/\/kolon-guclendirme.com\/silivri\/wp-json\/wp\/v2\/users\/1"}],"replies":[{"embeddable":true,"href":"https:\/\/kolon-guclendirme.com\/silivri\/wp-json\/wp\/v2\/comments?post=326"}],"version-history":[{"count":1,"href":"https:\/\/kolon-guclendirme.com\/silivri\/wp-json\/wp\/v2\/posts\/326\/revisions"}],"predecessor-version":[{"id":1695,"href":"https:\/\/kolon-guclendirme.com\/silivri\/wp-json\/wp\/v2\/posts\/326\/revisions\/1695"}],"wp:featuredmedia":[{"embeddable":true,"href":"https:\/\/kolon-guclendirme.com\/silivri\/wp-json\/wp\/v2\/media\/1487"}],"wp:attachment":[{"href":"https:\/\/kolon-guclendirme.com\/silivri\/wp-json\/wp\/v2\/media?parent=326"}],"wp:term":[{"taxonomy":"category","embeddable":true,"href":"https:\/\/kolon-guclendirme.com\/silivri\/wp-json\/wp\/v2\/categories?post=326"},{"taxonomy":"post_tag","embeddable":true,"href":"https:\/\/kolon-guclendirme.com\/silivri\/wp-json\/wp\/v2\/tags?post=326"}],"curies":[{"name":"wp","href":"https:\/\/api.w.org\/{rel}","templated":true}]}}