{"id":308,"date":"2023-10-01T12:22:42","date_gmt":"2023-10-01T09:22:42","guid":{"rendered":"https:\/\/kolon-guclendirme.com\/silivri\/silivri-5-katli-ev-guclendirme-ustasi\/"},"modified":"2023-10-01T12:22:43","modified_gmt":"2023-10-01T09:22:43","slug":"silivri-5-katli-ev-guclendirme-ustasi","status":"publish","type":"post","link":"https:\/\/kolon-guclendirme.com\/silivri\/silivri-5-katli-ev-guclendirme-ustasi\/","title":{"rendered":"Silivri  katl\u0131 ev g\u00fc\u00e7lendirme ustas\u0131"},"content":{"rendered":"<p>Silivri 5 katl\u0131 ev g\u00fc\u00e7lendirme ustas\u0131 De\u011firmenk\u00f6y \u0130smetpa\u015fa, Silivri il\u00e7esinin \u00f6nemli b\u00f6lgelerinden biridir. 4 katl\u0131 apartman g\u00fc\u00e7lendirme i\u015flemleri bu b\u00f6lgede b\u00fcy\u00fck \u00f6nem ta\u015f\u0131r. G\u00fcvenli ve sa\u011flam bir yap\u0131 i\u00e7in profesyonel bir g\u00fc\u00e7lendirme firmas\u0131yla \u00e7al\u0131\u015fmak \u00f6nemlidir. De\u011firmenk\u00f6y \u0130smetpa\u015fa\u2019da bu alanda uzmanla\u015fm\u0131\u015f bir\u00e7ok firma bulunmaktad\u0131r. Bu firmalar, kaliteli malzemeler ve uzman ekibiyle apartmanlar\u0131n dayan\u0131kl\u0131l\u0131\u011f\u0131n\u0131 art\u0131r\u0131r. Silivri il\u00e7esindeki 4 katl\u0131 apartmanlarda g\u00fc\u00e7lendirme ihtiyac\u0131 olanlar i\u00e7in De\u011firmenk\u00f6y \u0130smetpa\u015fa\u2019daki bu firmalar, g\u00fcvenli ve profesyonel \u00e7\u00f6z\u00fcmler sunar. www.kolonkirisguclendirme.com +905427483855 Instagram Facebook TikTok Twitter Medium LinkedIn Link Link Link Link Link Link<\/p>\n<p>        <!-- \/wp:paragraph --><\/p>\n<div id='gallery-1' class='gallery galleryid-308 gallery-columns-2 gallery-size-large'><figure class='gallery-item'>\n\t\t\t<div class='gallery-icon portrait'>\n\t\t\t\t<a href='https:\/\/kolon-guclendirme.com\/silivri\/wp-content\/uploads\/sites\/99\/2023\/09\/Silivri-Karbon-fiber-bina-guclendirme-sistemleri-71544.webp'><img loading=\"lazy\" decoding=\"async\" width=\"853\" height=\"1200\" src=\"https:\/\/kolon-guclendirme.com\/silivri\/wp-content\/uploads\/sites\/99\/2023\/09\/Silivri-Karbon-fiber-bina-guclendirme-sistemleri-71544.webp\" class=\"attachment-large size-large\" alt=\"\" srcset=\"https:\/\/kolon-guclendirme.com\/silivri\/wp-content\/uploads\/sites\/99\/2023\/09\/Silivri-Karbon-fiber-bina-guclendirme-sistemleri-71544.webp 853w, https:\/\/kolon-guclendirme.com\/silivri\/wp-content\/uploads\/sites\/99\/2023\/09\/Silivri-Karbon-fiber-bina-guclendirme-sistemleri-71544-768x1080.webp 768w\" sizes=\"(max-width: 853px) 100vw, 853px\" \/><\/a>\n\t\t\t<\/div><\/figure><figure class='gallery-item'>\n\t\t\t<div class='gallery-icon portrait'>\n\t\t\t\t<a href='https:\/\/kolon-guclendirme.com\/silivri\/wp-content\/uploads\/sites\/99\/2023\/09\/Silivri-Zemin-frp-guclendirme-ustasi-65310.webp'><img loading=\"lazy\" decoding=\"async\" width=\"853\" height=\"1200\" src=\"https:\/\/kolon-guclendirme.com\/silivri\/wp-content\/uploads\/sites\/99\/2023\/09\/Silivri-Zemin-frp-guclendirme-ustasi-65310.webp\" class=\"attachment-large size-large\" alt=\"Yol\u00e7at\u0131 1 katl\u0131 yap\u0131 karbon g\u00fc\u00e7lendirme firmas\u0131\" srcset=\"https:\/\/kolon-guclendirme.com\/silivri\/wp-content\/uploads\/sites\/99\/2023\/09\/Silivri-Zemin-frp-guclendirme-ustasi-65310.webp 853w, https:\/\/kolon-guclendirme.com\/silivri\/wp-content\/uploads\/sites\/99\/2023\/09\/Silivri-Zemin-frp-guclendirme-ustasi-65310-768x1080.webp 768w\" sizes=\"(max-width: 853px) 100vw, 853px\" \/><\/a>\n\t\t\t<\/div><\/figure>\n\t\t<\/div>\n\n","protected":false},"excerpt":{"rendered":"<p>Silivri 5 katl\u0131 ev g\u00fc\u00e7lendirme ustas\u0131 De\u011firmenk\u00f6y \u0130smetpa\u015fa, Silivri il\u00e7esinin \u00f6nemli b\u00f6lgelerinden biridir. 4 katl\u0131 apartman g\u00fc\u00e7lendirme i\u015flemleri bu b\u00f6lgede b\u00fcy\u00fck \u00f6nem ta\u015f\u0131r. G\u00fcvenli ve sa\u011flam bir yap\u0131 i\u00e7in profesyonel &#8230;<\/p>\n","protected":false},"author":1,"featured_media":1483,"comment_status":"open","ping_status":"open","sticky":false,"template":"","format":"standard","meta":{"footnotes":""},"categories":[1],"tags":[43,11,30,21,32],"_links":{"self":[{"href":"https:\/\/kolon-guclendirme.com\/silivri\/wp-json\/wp\/v2\/posts\/308"}],"collection":[{"href":"https:\/\/kolon-guclendirme.com\/silivri\/wp-json\/wp\/v2\/posts"}],"about":[{"href":"https:\/\/kolon-guclendirme.com\/silivri\/wp-json\/wp\/v2\/types\/post"}],"author":[{"embeddable":true,"href":"https:\/\/kolon-guclendirme.com\/silivri\/wp-json\/wp\/v2\/users\/1"}],"replies":[{"embeddable":true,"href":"https:\/\/kolon-guclendirme.com\/silivri\/wp-json\/wp\/v2\/comments?post=308"}],"version-history":[{"count":1,"href":"https:\/\/kolon-guclendirme.com\/silivri\/wp-json\/wp\/v2\/posts\/308\/revisions"}],"predecessor-version":[{"id":1698,"href":"https:\/\/kolon-guclendirme.com\/silivri\/wp-json\/wp\/v2\/posts\/308\/revisions\/1698"}],"wp:featuredmedia":[{"embeddable":true,"href":"https:\/\/kolon-guclendirme.com\/silivri\/wp-json\/wp\/v2\/media\/1483"}],"wp:attachment":[{"href":"https:\/\/kolon-guclendirme.com\/silivri\/wp-json\/wp\/v2\/media?parent=308"}],"wp:term":[{"taxonomy":"category","embeddable":true,"href":"https:\/\/kolon-guclendirme.com\/silivri\/wp-json\/wp\/v2\/categories?post=308"},{"taxonomy":"post_tag","embeddable":true,"href":"https:\/\/kolon-guclendirme.com\/silivri\/wp-json\/wp\/v2\/tags?post=308"}],"curies":[{"name":"wp","href":"https:\/\/api.w.org\/{rel}","templated":true}]}}