{"id":302,"date":"2023-10-01T12:22:43","date_gmt":"2023-10-01T09:22:43","guid":{"rendered":"https:\/\/kolon-guclendirme.com\/silivri\/silivri-4-katli-apartman-karbon-guclendirme-fiyati\/"},"modified":"2023-10-01T12:22:43","modified_gmt":"2023-10-01T09:22:43","slug":"silivri-4-katli-apartman-karbon-guclendirme-fiyati","status":"publish","type":"post","link":"https:\/\/kolon-guclendirme.com\/silivri\/silivri-4-katli-apartman-karbon-guclendirme-fiyati\/","title":{"rendered":"Silivri  katl\u0131 apartman karbon g\u00fc\u00e7lendirme fiyat\u0131"},"content":{"rendered":"<p>Silivri 4 katl\u0131 apartman karbon g\u00fc\u00e7lendirme fiyat\u0131 Silivri il\u00e7esinin \u00c7anta Mimarsinan b\u00f6lgesinde teraslar\u0131n\u0131z\u0131 estetik ve dayan\u0131kl\u0131 bir \u015fekilde kaplamak i\u00e7in teras frp lif kaplama hizmeti alabilirsiniz. Bu kaplama, teras\u0131n\u0131z\u0131 g\u00fc\u00e7lendirirken ayn\u0131 zamanda dekoratif bir g\u00f6r\u00fcn\u00fcm sa\u011flar. Teras frp lif kaplama fiyatlar\u0131, teras\u0131n boyutuna, malzeme kalitesine ve i\u015f\u00e7ilik maliyetine ba\u011fl\u0131 olarak de\u011fi\u015febilir. Profesyonel bir firmadan fiyat teklifi alman\u0131z \u00f6nerilir. www.guclendirmefirmasi.com +905427483855 Instagram Facebook TikTok Twitter Medium LinkedIn Link Link Link Link Link Link<\/p>\n<p>        <!-- \/wp:paragraph --><\/p>\n<div id='gallery-1' class='gallery galleryid-302 gallery-columns-2 gallery-size-large'><figure class='gallery-item'>\n\t\t\t<div class='gallery-icon portrait'>\n\t\t\t\t<a href='https:\/\/kolon-guclendirme.com\/silivri\/wp-content\/uploads\/sites\/99\/2023\/09\/Silivri-Kiris-karbon-kece-kaplama-fiyatlari-27589.webp'><img loading=\"lazy\" decoding=\"async\" width=\"853\" height=\"1200\" src=\"https:\/\/kolon-guclendirme.com\/silivri\/wp-content\/uploads\/sites\/99\/2023\/09\/Silivri-Kiris-karbon-kece-kaplama-fiyatlari-27589.webp\" class=\"attachment-large size-large\" alt=\"\" srcset=\"https:\/\/kolon-guclendirme.com\/silivri\/wp-content\/uploads\/sites\/99\/2023\/09\/Silivri-Kiris-karbon-kece-kaplama-fiyatlari-27589.webp 853w, https:\/\/kolon-guclendirme.com\/silivri\/wp-content\/uploads\/sites\/99\/2023\/09\/Silivri-Kiris-karbon-kece-kaplama-fiyatlari-27589-768x1080.webp 768w\" sizes=\"(max-width: 853px) 100vw, 853px\" \/><\/a>\n\t\t\t<\/div><\/figure><figure class='gallery-item'>\n\t\t\t<div class='gallery-icon portrait'>\n\t\t\t\t<a href='https:\/\/kolon-guclendirme.com\/silivri\/wp-content\/uploads\/sites\/99\/2023\/09\/Silivri-Zemin-frp-fiber-guclendirme-ustasi-71236.webp'><img loading=\"lazy\" decoding=\"async\" width=\"853\" height=\"1200\" src=\"https:\/\/kolon-guclendirme.com\/silivri\/wp-content\/uploads\/sites\/99\/2023\/09\/Silivri-Zemin-frp-fiber-guclendirme-ustasi-71236.webp\" class=\"attachment-large size-large\" alt=\"\" srcset=\"https:\/\/kolon-guclendirme.com\/silivri\/wp-content\/uploads\/sites\/99\/2023\/09\/Silivri-Zemin-frp-fiber-guclendirme-ustasi-71236.webp 853w, https:\/\/kolon-guclendirme.com\/silivri\/wp-content\/uploads\/sites\/99\/2023\/09\/Silivri-Zemin-frp-fiber-guclendirme-ustasi-71236-768x1080.webp 768w\" sizes=\"(max-width: 853px) 100vw, 853px\" \/><\/a>\n\t\t\t<\/div><\/figure>\n\t\t<\/div>\n\n","protected":false},"excerpt":{"rendered":"<p>Silivri 4 katl\u0131 apartman karbon g\u00fc\u00e7lendirme fiyat\u0131 Silivri il\u00e7esinin \u00c7anta Mimarsinan b\u00f6lgesinde teraslar\u0131n\u0131z\u0131 estetik ve dayan\u0131kl\u0131 bir \u015fekilde kaplamak i\u00e7in teras frp lif kaplama hizmeti alabilirsiniz. Bu kaplama, teras\u0131n\u0131z\u0131 g\u00fc\u00e7lendirirken &#8230;<\/p>\n","protected":false},"author":1,"featured_media":1572,"comment_status":"open","ping_status":"open","sticky":false,"template":"","format":"standard","meta":{"footnotes":""},"categories":[1],"tags":[44,11,17,12,30],"_links":{"self":[{"href":"https:\/\/kolon-guclendirme.com\/silivri\/wp-json\/wp\/v2\/posts\/302"}],"collection":[{"href":"https:\/\/kolon-guclendirme.com\/silivri\/wp-json\/wp\/v2\/posts"}],"about":[{"href":"https:\/\/kolon-guclendirme.com\/silivri\/wp-json\/wp\/v2\/types\/post"}],"author":[{"embeddable":true,"href":"https:\/\/kolon-guclendirme.com\/silivri\/wp-json\/wp\/v2\/users\/1"}],"replies":[{"embeddable":true,"href":"https:\/\/kolon-guclendirme.com\/silivri\/wp-json\/wp\/v2\/comments?post=302"}],"version-history":[{"count":1,"href":"https:\/\/kolon-guclendirme.com\/silivri\/wp-json\/wp\/v2\/posts\/302\/revisions"}],"predecessor-version":[{"id":1699,"href":"https:\/\/kolon-guclendirme.com\/silivri\/wp-json\/wp\/v2\/posts\/302\/revisions\/1699"}],"wp:featuredmedia":[{"embeddable":true,"href":"https:\/\/kolon-guclendirme.com\/silivri\/wp-json\/wp\/v2\/media\/1572"}],"wp:attachment":[{"href":"https:\/\/kolon-guclendirme.com\/silivri\/wp-json\/wp\/v2\/media?parent=302"}],"wp:term":[{"taxonomy":"category","embeddable":true,"href":"https:\/\/kolon-guclendirme.com\/silivri\/wp-json\/wp\/v2\/categories?post=302"},{"taxonomy":"post_tag","embeddable":true,"href":"https:\/\/kolon-guclendirme.com\/silivri\/wp-json\/wp\/v2\/tags?post=302"}],"curies":[{"name":"wp","href":"https:\/\/api.w.org\/{rel}","templated":true}]}}