{"id":284,"date":"2023-10-01T12:22:45","date_gmt":"2023-10-01T09:22:45","guid":{"rendered":"https:\/\/kolon-guclendirme.com\/silivri\/silivri-bina-zemin-guclendirmesi-nasil-yapilir\/"},"modified":"2023-10-01T12:22:45","modified_gmt":"2023-10-01T09:22:45","slug":"silivri-bina-zemin-guclendirmesi-nasil-yapilir","status":"publish","type":"post","link":"https:\/\/kolon-guclendirme.com\/silivri\/silivri-bina-zemin-guclendirmesi-nasil-yapilir\/","title":{"rendered":"Silivri Bina zemin g\u00fc\u00e7lendirmesi nas\u0131l yap\u0131l\u0131r"},"content":{"rendered":"<p>Silivri Bina zemin g\u00fc\u00e7lendirmesi nas\u0131l yap\u0131l\u0131r \u201cSilivri il\u00e7esindeki Mimarsinan, do\u011fal g\u00fczellikleriyle g\u00f6z kama\u015ft\u0131ran bir b\u00f6lgedir. Deniz manzaras\u0131, geni\u015f ye\u015fil alanlar\u0131 ve huzurlu atmosferiyle tatilcilerin ve do\u011fa severlerin tercih etti\u011fi bir noktad\u0131r. Mimarsinan\u2019da do\u011fayla i\u00e7 i\u00e7e bir tatil deneyimi ya\u015fayabilirsiniz!\u201d \u201cKarbon fiber tavan g\u00fc\u00e7lendirme maliyeti, Mimarsinan\u2019da yap\u0131lan g\u00fc\u00e7lendirme projelerinde \u00f6nemli bir fakt\u00f6rd\u00fcr. Karbon fiber takviyeli malzeme kullan\u0131larak yap\u0131lan tavan g\u00fc\u00e7lendirme i\u015flemleri, binan\u0131n dayan\u0131kl\u0131l\u0131\u011f\u0131n\u0131 art\u0131r\u0131r. Maliyet, yap\u0131lan \u00e7al\u0131\u015fman\u0131n b\u00fcy\u00fckl\u00fc\u011f\u00fc ve yap\u0131n\u0131n durumuna ba\u011fl\u0131 olarak de\u011fi\u015fkenlik g\u00f6sterir. Mimarsinan\u2019da karbon fiber tavan g\u00fc\u00e7lendirme projelerinde uygun maliyetler i\u00e7in uzman firmalardan teklif alabilirsiniz.\u201d www.guclendirmefirmasi.com +905427483855 Instagram Facebook TikTok Twitter Medium LinkedIn Link Link Link Link Link Link<\/p>\n<p>        <!-- \/wp:paragraph --><\/p>\n<div id='gallery-1' class='gallery galleryid-284 gallery-columns-2 gallery-size-large'><figure class='gallery-item'>\n\t\t\t<div class='gallery-icon portrait'>\n\t\t\t\t<a href='https:\/\/kolon-guclendirme.com\/silivri\/wp-content\/uploads\/sites\/99\/2023\/09\/Silivri-Tavan-frp-guclendirme-malzemesi-1748.webp'><img loading=\"lazy\" decoding=\"async\" width=\"853\" height=\"1200\" src=\"https:\/\/kolon-guclendirme.com\/silivri\/wp-content\/uploads\/sites\/99\/2023\/09\/Silivri-Tavan-frp-guclendirme-malzemesi-1748.webp\" class=\"attachment-large size-large\" alt=\"\u00c7anta Fatih Carbon elyaf bina g\u00fc\u00e7lendirme sistemleri\" srcset=\"https:\/\/kolon-guclendirme.com\/silivri\/wp-content\/uploads\/sites\/99\/2023\/09\/Silivri-Tavan-frp-guclendirme-malzemesi-1748.webp 853w, https:\/\/kolon-guclendirme.com\/silivri\/wp-content\/uploads\/sites\/99\/2023\/09\/Silivri-Tavan-frp-guclendirme-malzemesi-1748-768x1080.webp 768w\" sizes=\"(max-width: 853px) 100vw, 853px\" \/><\/a>\n\t\t\t<\/div><\/figure><figure class='gallery-item'>\n\t\t\t<div class='gallery-icon portrait'>\n\t\t\t\t<a href='https:\/\/kolon-guclendirme.com\/silivri\/wp-content\/uploads\/sites\/99\/2023\/09\/Silivri-Duvar-karbon-fiber-guclendirme-ustasi-53875.webp'><img loading=\"lazy\" decoding=\"async\" width=\"853\" height=\"1200\" src=\"https:\/\/kolon-guclendirme.com\/silivri\/wp-content\/uploads\/sites\/99\/2023\/09\/Silivri-Duvar-karbon-fiber-guclendirme-ustasi-53875.webp\" class=\"attachment-large size-large\" alt=\"\" srcset=\"https:\/\/kolon-guclendirme.com\/silivri\/wp-content\/uploads\/sites\/99\/2023\/09\/Silivri-Duvar-karbon-fiber-guclendirme-ustasi-53875.webp 853w, https:\/\/kolon-guclendirme.com\/silivri\/wp-content\/uploads\/sites\/99\/2023\/09\/Silivri-Duvar-karbon-fiber-guclendirme-ustasi-53875-768x1080.webp 768w\" sizes=\"(max-width: 853px) 100vw, 853px\" \/><\/a>\n\t\t\t<\/div><\/figure>\n\t\t<\/div>\n\n","protected":false},"excerpt":{"rendered":"<p>Silivri Bina zemin g\u00fc\u00e7lendirmesi nas\u0131l yap\u0131l\u0131r \u201cSilivri il\u00e7esindeki Mimarsinan, do\u011fal g\u00fczellikleriyle g\u00f6z kama\u015ft\u0131ran bir b\u00f6lgedir. Deniz manzaras\u0131, geni\u015f ye\u015fil alanlar\u0131 ve huzurlu atmosferiyle tatilcilerin ve do\u011fa severlerin tercih etti\u011fi bir &#8230;<\/p>\n","protected":false},"author":1,"featured_media":1488,"comment_status":"open","ping_status":"open","sticky":false,"template":"","format":"standard","meta":{"footnotes":""},"categories":[1],"tags":[28,11,47,36,48],"_links":{"self":[{"href":"https:\/\/kolon-guclendirme.com\/silivri\/wp-json\/wp\/v2\/posts\/284"}],"collection":[{"href":"https:\/\/kolon-guclendirme.com\/silivri\/wp-json\/wp\/v2\/posts"}],"about":[{"href":"https:\/\/kolon-guclendirme.com\/silivri\/wp-json\/wp\/v2\/types\/post"}],"author":[{"embeddable":true,"href":"https:\/\/kolon-guclendirme.com\/silivri\/wp-json\/wp\/v2\/users\/1"}],"replies":[{"embeddable":true,"href":"https:\/\/kolon-guclendirme.com\/silivri\/wp-json\/wp\/v2\/comments?post=284"}],"version-history":[{"count":1,"href":"https:\/\/kolon-guclendirme.com\/silivri\/wp-json\/wp\/v2\/posts\/284\/revisions"}],"predecessor-version":[{"id":1702,"href":"https:\/\/kolon-guclendirme.com\/silivri\/wp-json\/wp\/v2\/posts\/284\/revisions\/1702"}],"wp:featuredmedia":[{"embeddable":true,"href":"https:\/\/kolon-guclendirme.com\/silivri\/wp-json\/wp\/v2\/media\/1488"}],"wp:attachment":[{"href":"https:\/\/kolon-guclendirme.com\/silivri\/wp-json\/wp\/v2\/media?parent=284"}],"wp:term":[{"taxonomy":"category","embeddable":true,"href":"https:\/\/kolon-guclendirme.com\/silivri\/wp-json\/wp\/v2\/categories?post=284"},{"taxonomy":"post_tag","embeddable":true,"href":"https:\/\/kolon-guclendirme.com\/silivri\/wp-json\/wp\/v2\/tags?post=284"}],"curies":[{"name":"wp","href":"https:\/\/api.w.org\/{rel}","templated":true}]}}