{"id":278,"date":"2023-10-01T12:22:45","date_gmt":"2023-10-01T09:22:45","guid":{"rendered":"https:\/\/kolon-guclendirme.com\/silivri\/silivri-karbon-fiber-guclendirme-nasil-uygulanir\/"},"modified":"2023-10-01T12:22:46","modified_gmt":"2023-10-01T09:22:46","slug":"silivri-karbon-fiber-guclendirme-nasil-uygulanir","status":"publish","type":"post","link":"https:\/\/kolon-guclendirme.com\/silivri\/silivri-karbon-fiber-guclendirme-nasil-uygulanir\/","title":{"rendered":"Silivri karbon fiber g\u00fc\u00e7lendirme nas\u0131l uygulan\u0131r"},"content":{"rendered":"<p>Silivri karbon fiber g\u00fc\u00e7lendirme nas\u0131l uygulan\u0131r \u201cPiri Mehmet Pa\u015fa: Silivri\u2019nin Tarihi Miras\u0131\u201d ba\u015fl\u0131kl\u0131 blog yaz\u0131s\u0131, il\u00e7enin k\u00f6kl\u00fc ge\u00e7mi\u015fine \u0131\u015f\u0131k tutuyor. Ayr\u0131ca, b\u00f6lgede faaliyet g\u00f6steren bir karbon g\u00fc\u00e7lendirme ustas\u0131n\u0131n 2 katl\u0131 bir binada yapt\u0131\u011f\u0131 \u00e7al\u0131\u015fmalara da de\u011finiyor. www.karbonfiberbinaguclendirme.com +905427483855 Instagram Facebook TikTok Twitter Medium LinkedIn Link Link Link Link Link Link<\/p>\n<p>        <!-- \/wp:paragraph --><\/p>\n<div id='gallery-1' class='gallery galleryid-278 gallery-columns-2 gallery-size-large'><figure class='gallery-item'>\n\t\t\t<div class='gallery-icon portrait'>\n\t\t\t\t<a href='https:\/\/kolon-guclendirme.com\/silivri\/wp-content\/uploads\/sites\/99\/2023\/09\/Silivri-Carbon-elyaf-bina-guclendirme-maliyeti-57114.webp'><img loading=\"lazy\" decoding=\"async\" width=\"853\" height=\"1200\" src=\"https:\/\/kolon-guclendirme.com\/silivri\/wp-content\/uploads\/sites\/99\/2023\/09\/Silivri-Carbon-elyaf-bina-guclendirme-maliyeti-57114.webp\" class=\"attachment-large size-large\" alt=\"\" srcset=\"https:\/\/kolon-guclendirme.com\/silivri\/wp-content\/uploads\/sites\/99\/2023\/09\/Silivri-Carbon-elyaf-bina-guclendirme-maliyeti-57114.webp 853w, https:\/\/kolon-guclendirme.com\/silivri\/wp-content\/uploads\/sites\/99\/2023\/09\/Silivri-Carbon-elyaf-bina-guclendirme-maliyeti-57114-768x1080.webp 768w\" sizes=\"(max-width: 853px) 100vw, 853px\" \/><\/a>\n\t\t\t<\/div><\/figure><figure class='gallery-item'>\n\t\t\t<div class='gallery-icon portrait'>\n\t\t\t\t<a href='https:\/\/kolon-guclendirme.com\/silivri\/wp-content\/uploads\/sites\/99\/2023\/09\/Silivri-Yapi-frp-fiber-kaplama-ustasi-18119.webp'><img loading=\"lazy\" decoding=\"async\" width=\"853\" height=\"1200\" src=\"https:\/\/kolon-guclendirme.com\/silivri\/wp-content\/uploads\/sites\/99\/2023\/09\/Silivri-Yapi-frp-fiber-kaplama-ustasi-18119.webp\" class=\"attachment-large size-large\" alt=\"Kad\u0131k\u00f6y Yap\u0131 karbon kaplama maliyeti\" srcset=\"https:\/\/kolon-guclendirme.com\/silivri\/wp-content\/uploads\/sites\/99\/2023\/09\/Silivri-Yapi-frp-fiber-kaplama-ustasi-18119.webp 853w, https:\/\/kolon-guclendirme.com\/silivri\/wp-content\/uploads\/sites\/99\/2023\/09\/Silivri-Yapi-frp-fiber-kaplama-ustasi-18119-768x1080.webp 768w\" sizes=\"(max-width: 853px) 100vw, 853px\" \/><\/a>\n\t\t\t<\/div><\/figure>\n\t\t<\/div>\n\n","protected":false},"excerpt":{"rendered":"<p>Silivri karbon fiber g\u00fc\u00e7lendirme nas\u0131l uygulan\u0131r \u201cPiri Mehmet Pa\u015fa: Silivri\u2019nin Tarihi Miras\u0131\u201d ba\u015fl\u0131kl\u0131 blog yaz\u0131s\u0131, il\u00e7enin k\u00f6kl\u00fc ge\u00e7mi\u015fine \u0131\u015f\u0131k tutuyor. Ayr\u0131ca, b\u00f6lgede faaliyet g\u00f6steren bir karbon g\u00fc\u00e7lendirme ustas\u0131n\u0131n 2 katl\u0131 &#8230;<\/p>\n","protected":false},"author":1,"featured_media":1546,"comment_status":"open","ping_status":"open","sticky":false,"template":"","format":"standard","meta":{"footnotes":""},"categories":[1],"tags":[28,11,12,49,50],"_links":{"self":[{"href":"https:\/\/kolon-guclendirme.com\/silivri\/wp-json\/wp\/v2\/posts\/278"}],"collection":[{"href":"https:\/\/kolon-guclendirme.com\/silivri\/wp-json\/wp\/v2\/posts"}],"about":[{"href":"https:\/\/kolon-guclendirme.com\/silivri\/wp-json\/wp\/v2\/types\/post"}],"author":[{"embeddable":true,"href":"https:\/\/kolon-guclendirme.com\/silivri\/wp-json\/wp\/v2\/users\/1"}],"replies":[{"embeddable":true,"href":"https:\/\/kolon-guclendirme.com\/silivri\/wp-json\/wp\/v2\/comments?post=278"}],"version-history":[{"count":1,"href":"https:\/\/kolon-guclendirme.com\/silivri\/wp-json\/wp\/v2\/posts\/278\/revisions"}],"predecessor-version":[{"id":1703,"href":"https:\/\/kolon-guclendirme.com\/silivri\/wp-json\/wp\/v2\/posts\/278\/revisions\/1703"}],"wp:featuredmedia":[{"embeddable":true,"href":"https:\/\/kolon-guclendirme.com\/silivri\/wp-json\/wp\/v2\/media\/1546"}],"wp:attachment":[{"href":"https:\/\/kolon-guclendirme.com\/silivri\/wp-json\/wp\/v2\/media?parent=278"}],"wp:term":[{"taxonomy":"category","embeddable":true,"href":"https:\/\/kolon-guclendirme.com\/silivri\/wp-json\/wp\/v2\/categories?post=278"},{"taxonomy":"post_tag","embeddable":true,"href":"https:\/\/kolon-guclendirme.com\/silivri\/wp-json\/wp\/v2\/tags?post=278"}],"curies":[{"name":"wp","href":"https:\/\/api.w.org\/{rel}","templated":true}]}}