{"id":272,"date":"2023-10-01T12:22:46","date_gmt":"2023-10-01T09:22:46","guid":{"rendered":"https:\/\/kolon-guclendirme.com\/silivri\/silivri-tavan-frp-elyaf-kaplama-malzemesi\/"},"modified":"2023-10-01T12:22:47","modified_gmt":"2023-10-01T09:22:47","slug":"silivri-tavan-frp-elyaf-kaplama-malzemesi","status":"publish","type":"post","link":"https:\/\/kolon-guclendirme.com\/silivri\/silivri-tavan-frp-elyaf-kaplama-malzemesi\/","title":{"rendered":"Silivri Tavan frp elyaf kaplama malzemesi"},"content":{"rendered":"<p>Silivri Tavan frp elyaf kaplama malzemesi Silivri il\u00e7esindeki Ortak\u00f6y, do\u011fal g\u00fczellikleri ve tarihi dokusuyla g\u00f6r\u00fclmeye de\u011fer bir yerdir. Tavan karbon lif kaplama fiyatlar\u0131 ise mekanlar\u0131n\u0131za modern ve \u015f\u0131k bir g\u00f6r\u00fcn\u00fcm kazand\u0131ran bir hizmettir. Tavanlar\u0131n\u0131z\u0131 karbon lif ile kaplatarak dayan\u0131kl\u0131l\u0131\u011f\u0131n\u0131 art\u0131rabilir ve estetik bir d\u00f6n\u00fc\u015f\u00fcm sa\u011flayabilirsiniz. Fiyatlar, mekan\u0131n b\u00fcy\u00fckl\u00fc\u011f\u00fc ve i\u015fin karma\u015f\u0131kl\u0131\u011f\u0131na ba\u011fl\u0131 olarak de\u011fi\u015fiklik g\u00f6sterir. Uzman firmalarla ileti\u015fime ge\u00e7erek detayl\u0131 bilgi alabilirsiniz. www.arckarbonguclendirme.com +905427483855 Instagram Facebook TikTok Twitter Medium LinkedIn Link Link Link Link Link Link<\/p>\n<p>        <!-- \/wp:paragraph --><\/p>\n<div id='gallery-1' class='gallery galleryid-272 gallery-columns-2 gallery-size-large'><figure class='gallery-item'>\n\t\t\t<div class='gallery-icon portrait'>\n\t\t\t\t<a href='https:\/\/kolon-guclendirme.com\/silivri\/wp-content\/uploads\/sites\/99\/2023\/09\/Silivri-5-katli-apartman-guclendirme-firmasi-12930.webp'><img loading=\"lazy\" decoding=\"async\" width=\"853\" height=\"1200\" src=\"https:\/\/kolon-guclendirme.com\/silivri\/wp-content\/uploads\/sites\/99\/2023\/09\/Silivri-5-katli-apartman-guclendirme-firmasi-12930.webp\" class=\"attachment-large size-large\" alt=\"Semizkumlar Kolon takviye \u00e7ubuklar\u0131\" srcset=\"https:\/\/kolon-guclendirme.com\/silivri\/wp-content\/uploads\/sites\/99\/2023\/09\/Silivri-5-katli-apartman-guclendirme-firmasi-12930.webp 853w, https:\/\/kolon-guclendirme.com\/silivri\/wp-content\/uploads\/sites\/99\/2023\/09\/Silivri-5-katli-apartman-guclendirme-firmasi-12930-768x1080.webp 768w\" sizes=\"(max-width: 853px) 100vw, 853px\" \/><\/a>\n\t\t\t<\/div><\/figure><figure class='gallery-item'>\n\t\t\t<div class='gallery-icon portrait'>\n\t\t\t\t<a href='https:\/\/kolon-guclendirme.com\/silivri\/wp-content\/uploads\/sites\/99\/2023\/09\/Silivri-Kiris-karbon-elyaf-guclendirme-firmalari-87974.webp'><img loading=\"lazy\" decoding=\"async\" width=\"853\" height=\"1200\" src=\"https:\/\/kolon-guclendirme.com\/silivri\/wp-content\/uploads\/sites\/99\/2023\/09\/Silivri-Kiris-karbon-elyaf-guclendirme-firmalari-87974.webp\" class=\"attachment-large size-large\" alt=\"\" srcset=\"https:\/\/kolon-guclendirme.com\/silivri\/wp-content\/uploads\/sites\/99\/2023\/09\/Silivri-Kiris-karbon-elyaf-guclendirme-firmalari-87974.webp 853w, https:\/\/kolon-guclendirme.com\/silivri\/wp-content\/uploads\/sites\/99\/2023\/09\/Silivri-Kiris-karbon-elyaf-guclendirme-firmalari-87974-768x1080.webp 768w\" sizes=\"(max-width: 853px) 100vw, 853px\" \/><\/a>\n\t\t\t<\/div><\/figure>\n\t\t<\/div>\n\n","protected":false},"excerpt":{"rendered":"<p>Silivri Tavan frp elyaf kaplama malzemesi Silivri il\u00e7esindeki Ortak\u00f6y, do\u011fal g\u00fczellikleri ve tarihi dokusuyla g\u00f6r\u00fclmeye de\u011fer bir yerdir. Tavan karbon lif kaplama fiyatlar\u0131 ise mekanlar\u0131n\u0131za modern ve \u015f\u0131k bir g\u00f6r\u00fcn\u00fcm &#8230;<\/p>\n","protected":false},"author":1,"featured_media":1624,"comment_status":"open","ping_status":"open","sticky":false,"template":"","format":"standard","meta":{"footnotes":""},"categories":[1],"tags":[31,17,37,21,36],"_links":{"self":[{"href":"https:\/\/kolon-guclendirme.com\/silivri\/wp-json\/wp\/v2\/posts\/272"}],"collection":[{"href":"https:\/\/kolon-guclendirme.com\/silivri\/wp-json\/wp\/v2\/posts"}],"about":[{"href":"https:\/\/kolon-guclendirme.com\/silivri\/wp-json\/wp\/v2\/types\/post"}],"author":[{"embeddable":true,"href":"https:\/\/kolon-guclendirme.com\/silivri\/wp-json\/wp\/v2\/users\/1"}],"replies":[{"embeddable":true,"href":"https:\/\/kolon-guclendirme.com\/silivri\/wp-json\/wp\/v2\/comments?post=272"}],"version-history":[{"count":1,"href":"https:\/\/kolon-guclendirme.com\/silivri\/wp-json\/wp\/v2\/posts\/272\/revisions"}],"predecessor-version":[{"id":1704,"href":"https:\/\/kolon-guclendirme.com\/silivri\/wp-json\/wp\/v2\/posts\/272\/revisions\/1704"}],"wp:featuredmedia":[{"embeddable":true,"href":"https:\/\/kolon-guclendirme.com\/silivri\/wp-json\/wp\/v2\/media\/1624"}],"wp:attachment":[{"href":"https:\/\/kolon-guclendirme.com\/silivri\/wp-json\/wp\/v2\/media?parent=272"}],"wp:term":[{"taxonomy":"category","embeddable":true,"href":"https:\/\/kolon-guclendirme.com\/silivri\/wp-json\/wp\/v2\/categories?post=272"},{"taxonomy":"post_tag","embeddable":true,"href":"https:\/\/kolon-guclendirme.com\/silivri\/wp-json\/wp\/v2\/tags?post=272"}],"curies":[{"name":"wp","href":"https:\/\/api.w.org\/{rel}","templated":true}]}}