{"id":254,"date":"2023-10-01T12:22:48","date_gmt":"2023-10-01T09:22:48","guid":{"rendered":"https:\/\/kolon-guclendirme.com\/silivri\/silivri-frp-lif-tavan-guclendirme-firmalari\/"},"modified":"2023-10-01T12:22:49","modified_gmt":"2023-10-01T09:22:49","slug":"silivri-frp-lif-tavan-guclendirme-firmalari","status":"publish","type":"post","link":"https:\/\/kolon-guclendirme.com\/silivri\/silivri-frp-lif-tavan-guclendirme-firmalari\/","title":{"rendered":"Silivri Frp lif tavan g\u00fc\u00e7lendirme firmalar\u0131"},"content":{"rendered":"<p>Silivri Frp lif tavan g\u00fc\u00e7lendirme firmalar\u0131 d\u0131r. G\u00fcm\u00fc\u015fyaka, Silivri il\u00e7esinde bulunan bir mahalle. Son y\u0131llarda, burada ya\u015fayan insanlar\u0131n g\u00fcvenli\u011fini artt\u0131rmak i\u00e7in, Duvar Karbon Lif G\u00fc\u00e7lendirme Sistemi kullan\u0131lmaktad\u0131r. Bu sistem, duvarlar\u0131n kararl\u0131l\u0131\u011f\u0131n\u0131 artt\u0131rarak, deprem g\u00fcvenli\u011fini sa\u011flar. Ayr\u0131ca, duvarlar\u0131n dayan\u0131kl\u0131l\u0131\u011f\u0131n\u0131 ve \u00f6mr\u00fcn\u00fc uzatmak i\u00e7in de kullan\u0131lmaktad\u0131r. G\u00fcm\u00fc\u015fyaka, bu sistemler sayesinde g\u00fcvenle ya\u015fanacak bir yer haline gelmi\u015ftir. www.guclendirmefirmasi.com +905427483855 Instagram Facebook TikTok Twitter Medium LinkedIn Link Link Link Link Link Link<\/p>\n<p>        <!-- \/wp:paragraph --><\/p>\n<div id='gallery-1' class='gallery galleryid-254 gallery-columns-2 gallery-size-large'><figure class='gallery-item'>\n\t\t\t<div class='gallery-icon portrait'>\n\t\t\t\t<a href='https:\/\/kolon-guclendirme.com\/silivri\/wp-content\/uploads\/sites\/99\/2023\/09\/Silivri-5-katli-yapi-karbon-guclendirme-firmasi-14247.webp'><img loading=\"lazy\" decoding=\"async\" width=\"853\" height=\"1200\" src=\"https:\/\/kolon-guclendirme.com\/silivri\/wp-content\/uploads\/sites\/99\/2023\/09\/Silivri-5-katli-yapi-karbon-guclendirme-firmasi-14247.webp\" class=\"attachment-large size-large\" alt=\"\" srcset=\"https:\/\/kolon-guclendirme.com\/silivri\/wp-content\/uploads\/sites\/99\/2023\/09\/Silivri-5-katli-yapi-karbon-guclendirme-firmasi-14247.webp 853w, https:\/\/kolon-guclendirme.com\/silivri\/wp-content\/uploads\/sites\/99\/2023\/09\/Silivri-5-katli-yapi-karbon-guclendirme-firmasi-14247-768x1080.webp 768w\" sizes=\"(max-width: 853px) 100vw, 853px\" \/><\/a>\n\t\t\t<\/div><\/figure><figure class='gallery-item'>\n\t\t\t<div class='gallery-icon portrait'>\n\t\t\t\t<a href='https:\/\/kolon-guclendirme.com\/silivri\/wp-content\/uploads\/sites\/99\/2023\/09\/Silivri-Bina-karbon-lif-guclendirme-fiyatlari-63001.webp'><img loading=\"lazy\" decoding=\"async\" width=\"853\" height=\"1200\" src=\"https:\/\/kolon-guclendirme.com\/silivri\/wp-content\/uploads\/sites\/99\/2023\/09\/Silivri-Bina-karbon-lif-guclendirme-fiyatlari-63001.webp\" class=\"attachment-large size-large\" alt=\"De\u011firmenk\u00f6y Fevzipa\u015fa Kiri\u015f karbon elyaf kaplama firmalar\u0131\" srcset=\"https:\/\/kolon-guclendirme.com\/silivri\/wp-content\/uploads\/sites\/99\/2023\/09\/Silivri-Bina-karbon-lif-guclendirme-fiyatlari-63001.webp 853w, https:\/\/kolon-guclendirme.com\/silivri\/wp-content\/uploads\/sites\/99\/2023\/09\/Silivri-Bina-karbon-lif-guclendirme-fiyatlari-63001-768x1080.webp 768w\" sizes=\"(max-width: 853px) 100vw, 853px\" \/><\/a>\n\t\t\t<\/div><\/figure>\n\t\t<\/div>\n\n","protected":false},"excerpt":{"rendered":"<p>Silivri Frp lif tavan g\u00fc\u00e7lendirme firmalar\u0131 d\u0131r. G\u00fcm\u00fc\u015fyaka, Silivri il\u00e7esinde bulunan bir mahalle. Son y\u0131llarda, burada ya\u015fayan insanlar\u0131n g\u00fcvenli\u011fini artt\u0131rmak i\u00e7in, Duvar Karbon Lif G\u00fc\u00e7lendirme Sistemi kullan\u0131lmaktad\u0131r. Bu sistem, duvarlar\u0131n &#8230;<\/p>\n","protected":false},"author":1,"featured_media":1638,"comment_status":"open","ping_status":"open","sticky":false,"template":"","format":"standard","meta":{"footnotes":""},"categories":[1],"tags":[52,11,53,21,36],"_links":{"self":[{"href":"https:\/\/kolon-guclendirme.com\/silivri\/wp-json\/wp\/v2\/posts\/254"}],"collection":[{"href":"https:\/\/kolon-guclendirme.com\/silivri\/wp-json\/wp\/v2\/posts"}],"about":[{"href":"https:\/\/kolon-guclendirme.com\/silivri\/wp-json\/wp\/v2\/types\/post"}],"author":[{"embeddable":true,"href":"https:\/\/kolon-guclendirme.com\/silivri\/wp-json\/wp\/v2\/users\/1"}],"replies":[{"embeddable":true,"href":"https:\/\/kolon-guclendirme.com\/silivri\/wp-json\/wp\/v2\/comments?post=254"}],"version-history":[{"count":1,"href":"https:\/\/kolon-guclendirme.com\/silivri\/wp-json\/wp\/v2\/posts\/254\/revisions"}],"predecessor-version":[{"id":1707,"href":"https:\/\/kolon-guclendirme.com\/silivri\/wp-json\/wp\/v2\/posts\/254\/revisions\/1707"}],"wp:featuredmedia":[{"embeddable":true,"href":"https:\/\/kolon-guclendirme.com\/silivri\/wp-json\/wp\/v2\/media\/1638"}],"wp:attachment":[{"href":"https:\/\/kolon-guclendirme.com\/silivri\/wp-json\/wp\/v2\/media?parent=254"}],"wp:term":[{"taxonomy":"category","embeddable":true,"href":"https:\/\/kolon-guclendirme.com\/silivri\/wp-json\/wp\/v2\/categories?post=254"},{"taxonomy":"post_tag","embeddable":true,"href":"https:\/\/kolon-guclendirme.com\/silivri\/wp-json\/wp\/v2\/tags?post=254"}],"curies":[{"name":"wp","href":"https:\/\/api.w.org\/{rel}","templated":true}]}}