{"id":224,"date":"2023-10-01T12:22:51","date_gmt":"2023-10-01T09:22:51","guid":{"rendered":"https:\/\/kolon-guclendirme.com\/silivri\/silivri-tavan-karbon-fiber-guclendirme\/"},"modified":"2023-10-01T12:22:52","modified_gmt":"2023-10-01T09:22:52","slug":"silivri-tavan-karbon-fiber-guclendirme","status":"publish","type":"post","link":"https:\/\/kolon-guclendirme.com\/silivri\/silivri-tavan-karbon-fiber-guclendirme\/","title":{"rendered":"Silivri Tavan karbon fiber g\u00fc\u00e7lendirme"},"content":{"rendered":"<p>Silivri Tavan, karbon fiber g\u00fc\u00e7lendirme tekni\u011fi ile g\u00fc\u00e7lendirilmi\u015ftir. Bu teknik, daha y\u00fcksek mukavemet, daha d\u00fc\u015f\u00fck a\u011f\u0131rl\u0131k ve daha iyi dayan\u0131m sa\u011flar. Karbon fiber g\u00fc\u00e7lendirme, tavan\u0131n dayan\u0131kl\u0131l\u0131\u011f\u0131n\u0131 artt\u0131r\u0131r ve tavan\u0131n g\u00fcc\u00fcn\u00fc artt\u0131r\u0131r. Bu teknik, tavan\u0131n dayan\u0131m\u0131n\u0131 artt\u0131rmak i\u00e7in karbon fiber lifleri ile g\u00fc\u00e7lendirilmi\u015f bir kompozit malzeme kullan\u0131larak uygulan\u0131r. Bu teknik, tavan\u0131n g\u00fcc\u00fcn\u00fc artt\u0131rmak i\u00e7in karbon fiber liflerinin kompozit malzemenin i\u00e7ine kat\u0131lmas\u0131n\u0131 sa\u011flar. Bu teknik, tavan\u0131n dayan\u0131m\u0131n\u0131 ve g\u00fcc\u00fcn\u00fc artt\u0131rmak i\u00e7in karbon fiber liflerinin kompozit malzemenin i\u00e7ine kat\u0131lmas\u0131n<\/p>\n<p>        <!-- \/wp:paragraph --><\/p>\n<div id='gallery-1' class='gallery galleryid-224 gallery-columns-2 gallery-size-large'><figure class='gallery-item'>\n\t\t\t<div class='gallery-icon portrait'>\n\t\t\t\t<a href='https:\/\/kolon-guclendirme.com\/silivri\/wp-content\/uploads\/sites\/99\/2023\/09\/Silivri-Frp-kiris-guclendirme-maliyeti-3566.webp'><img loading=\"lazy\" decoding=\"async\" width=\"853\" height=\"1200\" src=\"https:\/\/kolon-guclendirme.com\/silivri\/wp-content\/uploads\/sites\/99\/2023\/09\/Silivri-Frp-kiris-guclendirme-maliyeti-3566.webp\" class=\"attachment-large size-large\" alt=\"Alibey Carbon fiber kiri\u015f kaplama yapanlar\" srcset=\"https:\/\/kolon-guclendirme.com\/silivri\/wp-content\/uploads\/sites\/99\/2023\/09\/Silivri-Frp-kiris-guclendirme-maliyeti-3566.webp 853w, https:\/\/kolon-guclendirme.com\/silivri\/wp-content\/uploads\/sites\/99\/2023\/09\/Silivri-Frp-kiris-guclendirme-maliyeti-3566-768x1080.webp 768w\" sizes=\"(max-width: 853px) 100vw, 853px\" \/><\/a>\n\t\t\t<\/div><\/figure><figure class='gallery-item'>\n\t\t\t<div class='gallery-icon portrait'>\n\t\t\t\t<a href='https:\/\/kolon-guclendirme.com\/silivri\/wp-content\/uploads\/sites\/99\/2023\/09\/Silivri-Yapisal-stabilite-analizi-34780.webp'><img loading=\"lazy\" decoding=\"async\" width=\"853\" height=\"1200\" src=\"https:\/\/kolon-guclendirme.com\/silivri\/wp-content\/uploads\/sites\/99\/2023\/09\/Silivri-Yapisal-stabilite-analizi-34780.webp\" class=\"attachment-large size-large\" alt=\"Mimarsinan Karbon elyaf teras kaplama\" srcset=\"https:\/\/kolon-guclendirme.com\/silivri\/wp-content\/uploads\/sites\/99\/2023\/09\/Silivri-Yapisal-stabilite-analizi-34780.webp 853w, https:\/\/kolon-guclendirme.com\/silivri\/wp-content\/uploads\/sites\/99\/2023\/09\/Silivri-Yapisal-stabilite-analizi-34780-768x1080.webp 768w\" sizes=\"(max-width: 853px) 100vw, 853px\" \/><\/a>\n\t\t\t<\/div><\/figure>\n\t\t<\/div>\n\n","protected":false},"excerpt":{"rendered":"<p>Silivri Tavan, karbon fiber g\u00fc\u00e7lendirme tekni\u011fi ile g\u00fc\u00e7lendirilmi\u015ftir. Bu teknik, daha y\u00fcksek mukavemet, daha d\u00fc\u015f\u00fck a\u011f\u0131rl\u0131k ve daha iyi dayan\u0131m sa\u011flar. Karbon fiber g\u00fc\u00e7lendirme, tavan\u0131n dayan\u0131kl\u0131l\u0131\u011f\u0131n\u0131 artt\u0131r\u0131r ve tavan\u0131n g\u00fcc\u00fcn\u00fc &#8230;<\/p>\n","protected":false},"author":1,"featured_media":1529,"comment_status":"open","ping_status":"open","sticky":false,"template":"","format":"standard","meta":{"footnotes":""},"categories":[1],"tags":[28,11,12,57,58],"_links":{"self":[{"href":"https:\/\/kolon-guclendirme.com\/silivri\/wp-json\/wp\/v2\/posts\/224"}],"collection":[{"href":"https:\/\/kolon-guclendirme.com\/silivri\/wp-json\/wp\/v2\/posts"}],"about":[{"href":"https:\/\/kolon-guclendirme.com\/silivri\/wp-json\/wp\/v2\/types\/post"}],"author":[{"embeddable":true,"href":"https:\/\/kolon-guclendirme.com\/silivri\/wp-json\/wp\/v2\/users\/1"}],"replies":[{"embeddable":true,"href":"https:\/\/kolon-guclendirme.com\/silivri\/wp-json\/wp\/v2\/comments?post=224"}],"version-history":[{"count":1,"href":"https:\/\/kolon-guclendirme.com\/silivri\/wp-json\/wp\/v2\/posts\/224\/revisions"}],"predecessor-version":[{"id":1712,"href":"https:\/\/kolon-guclendirme.com\/silivri\/wp-json\/wp\/v2\/posts\/224\/revisions\/1712"}],"wp:featuredmedia":[{"embeddable":true,"href":"https:\/\/kolon-guclendirme.com\/silivri\/wp-json\/wp\/v2\/media\/1529"}],"wp:attachment":[{"href":"https:\/\/kolon-guclendirme.com\/silivri\/wp-json\/wp\/v2\/media?parent=224"}],"wp:term":[{"taxonomy":"category","embeddable":true,"href":"https:\/\/kolon-guclendirme.com\/silivri\/wp-json\/wp\/v2\/categories?post=224"},{"taxonomy":"post_tag","embeddable":true,"href":"https:\/\/kolon-guclendirme.com\/silivri\/wp-json\/wp\/v2\/tags?post=224"}],"curies":[{"name":"wp","href":"https:\/\/api.w.org\/{rel}","templated":true}]}}