{"id":206,"date":"2023-10-01T12:22:53","date_gmt":"2023-10-01T09:22:53","guid":{"rendered":"https:\/\/kolon-guclendirme.com\/silivri\/silivri-duvar-karbon-elyaf-guclendirme-malzemesi\/"},"modified":"2023-10-01T12:22:54","modified_gmt":"2023-10-01T09:22:54","slug":"silivri-duvar-karbon-elyaf-guclendirme-malzemesi","status":"publish","type":"post","link":"https:\/\/kolon-guclendirme.com\/silivri\/silivri-duvar-karbon-elyaf-guclendirme-malzemesi\/","title":{"rendered":"Silivri Duvar karbon elyaf g\u00fc\u00e7lendirme malzemesi"},"content":{"rendered":"<p>Silivri Duvar, karbon elyaf g\u00fc\u00e7lendirme malzemesi ile g\u00fc\u00e7lendirilmi\u015f bir \u00e7\u00f6z\u00fcmd\u00fcr. Bu malzeme, betonarme duvarlar\u0131n dayan\u0131kl\u0131l\u0131\u011f\u0131n\u0131 art\u0131r\u0131r ve ayn\u0131 zamanda duvar\u0131n g\u00fcvenli\u011fini artt\u0131r\u0131r. Duvarlar\u0131n b\u00fcy\u00fck bir k\u0131sm\u0131n\u0131n karbon elyaf g\u00fc\u00e7lendirme malzemesi ile g\u00fc\u00e7lendirilmesi, duvarlar\u0131n \u00e7ok daha dayan\u0131kl\u0131 olmas\u0131n\u0131 sa\u011flar. Bununla birlikte, karbon elyaf g\u00fc\u00e7lendirme malzemesi, duvarlar\u0131n daha hafif ve daha kolay kurulmas\u0131n\u0131 sa\u011flar. Bu, duvar\u0131n kurulum s\u00fcresini k\u0131salt\u0131r ve maliyeti d\u00fc\u015f\u00fcr\u00fcr. Ayr\u0131ca, karbon elyaf g\u00fc\u00e7lendirme malzemesi, duvarlar\u0131n daha dayan\u0131kl\u0131 ve g\u00fcvenli olmas\u0131n\u0131 sa\u011flar<\/p>\n<p>        <!-- \/wp:paragraph --><\/p>\n<div id='gallery-1' class='gallery galleryid-206 gallery-columns-2 gallery-size-large'><figure class='gallery-item'>\n\t\t\t<div class='gallery-icon portrait'>\n\t\t\t\t<a href='https:\/\/kolon-guclendirme.com\/silivri\/wp-content\/uploads\/sites\/99\/2023\/09\/Silivri-Carbon-elyaf-bina-guclendirme-maliyeti-57114.webp'><img loading=\"lazy\" decoding=\"async\" width=\"853\" height=\"1200\" src=\"https:\/\/kolon-guclendirme.com\/silivri\/wp-content\/uploads\/sites\/99\/2023\/09\/Silivri-Carbon-elyaf-bina-guclendirme-maliyeti-57114.webp\" class=\"attachment-large size-large\" alt=\"\" srcset=\"https:\/\/kolon-guclendirme.com\/silivri\/wp-content\/uploads\/sites\/99\/2023\/09\/Silivri-Carbon-elyaf-bina-guclendirme-maliyeti-57114.webp 853w, https:\/\/kolon-guclendirme.com\/silivri\/wp-content\/uploads\/sites\/99\/2023\/09\/Silivri-Carbon-elyaf-bina-guclendirme-maliyeti-57114-768x1080.webp 768w\" sizes=\"(max-width: 853px) 100vw, 853px\" \/><\/a>\n\t\t\t<\/div><\/figure><figure class='gallery-item'>\n\t\t\t<div class='gallery-icon portrait'>\n\t\t\t\t<a href='https:\/\/kolon-guclendirme.com\/silivri\/wp-content\/uploads\/sites\/99\/2023\/09\/Silivri-5-katli-yapi-karbon-guclendirme-firmasi-14247.webp'><img loading=\"lazy\" decoding=\"async\" width=\"853\" height=\"1200\" src=\"https:\/\/kolon-guclendirme.com\/silivri\/wp-content\/uploads\/sites\/99\/2023\/09\/Silivri-5-katli-yapi-karbon-guclendirme-firmasi-14247.webp\" class=\"attachment-large size-large\" alt=\"\" srcset=\"https:\/\/kolon-guclendirme.com\/silivri\/wp-content\/uploads\/sites\/99\/2023\/09\/Silivri-5-katli-yapi-karbon-guclendirme-firmasi-14247.webp 853w, https:\/\/kolon-guclendirme.com\/silivri\/wp-content\/uploads\/sites\/99\/2023\/09\/Silivri-5-katli-yapi-karbon-guclendirme-firmasi-14247-768x1080.webp 768w\" sizes=\"(max-width: 853px) 100vw, 853px\" \/><\/a>\n\t\t\t<\/div><\/figure>\n\t\t<\/div>\n\n","protected":false},"excerpt":{"rendered":"<p>Silivri Duvar, karbon elyaf g\u00fc\u00e7lendirme malzemesi ile g\u00fc\u00e7lendirilmi\u015f bir \u00e7\u00f6z\u00fcmd\u00fcr. Bu malzeme, betonarme duvarlar\u0131n dayan\u0131kl\u0131l\u0131\u011f\u0131n\u0131 art\u0131r\u0131r ve ayn\u0131 zamanda duvar\u0131n g\u00fcvenli\u011fini artt\u0131r\u0131r. Duvarlar\u0131n b\u00fcy\u00fck bir k\u0131sm\u0131n\u0131n karbon elyaf g\u00fc\u00e7lendirme malzemesi &#8230;<\/p>\n","protected":false},"author":1,"featured_media":1554,"comment_status":"open","ping_status":"open","sticky":false,"template":"","format":"standard","meta":{"footnotes":""},"categories":[1],"tags":[62,31,11,12,37],"_links":{"self":[{"href":"https:\/\/kolon-guclendirme.com\/silivri\/wp-json\/wp\/v2\/posts\/206"}],"collection":[{"href":"https:\/\/kolon-guclendirme.com\/silivri\/wp-json\/wp\/v2\/posts"}],"about":[{"href":"https:\/\/kolon-guclendirme.com\/silivri\/wp-json\/wp\/v2\/types\/post"}],"author":[{"embeddable":true,"href":"https:\/\/kolon-guclendirme.com\/silivri\/wp-json\/wp\/v2\/users\/1"}],"replies":[{"embeddable":true,"href":"https:\/\/kolon-guclendirme.com\/silivri\/wp-json\/wp\/v2\/comments?post=206"}],"version-history":[{"count":1,"href":"https:\/\/kolon-guclendirme.com\/silivri\/wp-json\/wp\/v2\/posts\/206\/revisions"}],"predecessor-version":[{"id":1715,"href":"https:\/\/kolon-guclendirme.com\/silivri\/wp-json\/wp\/v2\/posts\/206\/revisions\/1715"}],"wp:featuredmedia":[{"embeddable":true,"href":"https:\/\/kolon-guclendirme.com\/silivri\/wp-json\/wp\/v2\/media\/1554"}],"wp:attachment":[{"href":"https:\/\/kolon-guclendirme.com\/silivri\/wp-json\/wp\/v2\/media?parent=206"}],"wp:term":[{"taxonomy":"category","embeddable":true,"href":"https:\/\/kolon-guclendirme.com\/silivri\/wp-json\/wp\/v2\/categories?post=206"},{"taxonomy":"post_tag","embeddable":true,"href":"https:\/\/kolon-guclendirme.com\/silivri\/wp-json\/wp\/v2\/tags?post=206"}],"curies":[{"name":"wp","href":"https:\/\/api.w.org\/{rel}","templated":true}]}}