{"id":200,"date":"2023-10-01T12:22:54","date_gmt":"2023-10-01T09:22:54","guid":{"rendered":"https:\/\/kolon-guclendirme.com\/silivri\/silivri-teras-karbon-kece-kaplama-firmalari\/"},"modified":"2023-10-01T12:22:55","modified_gmt":"2023-10-01T09:22:55","slug":"silivri-teras-karbon-kece-kaplama-firmalari","status":"publish","type":"post","link":"https:\/\/kolon-guclendirme.com\/silivri\/silivri-teras-karbon-kece-kaplama-firmalari\/","title":{"rendered":"Silivri Teras karbon ke\u00e7e kaplama firmalar\u0131"},"content":{"rendered":"<p>Silivri Teras Karbon Ke\u00e7e Kaplama, \u00e7evrenizde g\u00f6rd\u00fc\u011f\u00fcn\u00fcz her t\u00fcrl\u00fc teras\u0131n\u0131z\u0131 kusursuzca kaplayan bir se\u00e7enektir. Teras\u0131n\u0131z\u0131n g\u00fczelli\u011fini ve dayan\u0131kl\u0131l\u0131\u011f\u0131n\u0131 maksimum seviyeye \u00e7\u0131karmak i\u00e7in teras\u0131n\u0131z\u0131n karbon ke\u00e7e kaplamas\u0131n\u0131 uygulaman\u0131z\u0131 \u00f6neririz. Teras\u0131n\u0131z\u0131n \u00f6mr\u00fcn\u00fc uzatmak i\u00e7in karbon ke\u00e7e kaplama, \u00f6zellikle ya\u011fmurlu ve kar ya\u011f\u0131\u015fl\u0131 hava ko\u015fullar\u0131nda teras\u0131n\u0131z\u0131n korunmas\u0131n\u0131 sa\u011flar. Teras\u0131n\u0131z\u0131n karbon ke\u00e7e kaplamas\u0131n\u0131 uygulamak i\u00e7in Silivri\u2019de teras kaplama firmalar\u0131ndan yard\u0131m alabilirsiniz. Firmalar, teras\u0131n\u0131z\u0131n \u00f6mr\u00fcn\u00fc uzatmak ve karbon ke\u00e7e kaplama i\u015flemlerini d\u00fc<\/p>\n<p>        <!-- \/wp:paragraph --><\/p>\n<div id='gallery-1' class='gallery galleryid-200 gallery-columns-2 gallery-size-large'><figure class='gallery-item'>\n\t\t\t<div class='gallery-icon portrait'>\n\t\t\t\t<a href='https:\/\/kolon-guclendirme.com\/silivri\/wp-content\/uploads\/sites\/99\/2023\/09\/Silivri-Karbon-fiber-epoksi-kaplama-yapanlar-30436.webp'><img loading=\"lazy\" decoding=\"async\" width=\"853\" height=\"1200\" src=\"https:\/\/kolon-guclendirme.com\/silivri\/wp-content\/uploads\/sites\/99\/2023\/09\/Silivri-Karbon-fiber-epoksi-kaplama-yapanlar-30436.webp\" class=\"attachment-large size-large\" alt=\"\" srcset=\"https:\/\/kolon-guclendirme.com\/silivri\/wp-content\/uploads\/sites\/99\/2023\/09\/Silivri-Karbon-fiber-epoksi-kaplama-yapanlar-30436.webp 853w, https:\/\/kolon-guclendirme.com\/silivri\/wp-content\/uploads\/sites\/99\/2023\/09\/Silivri-Karbon-fiber-epoksi-kaplama-yapanlar-30436-768x1080.webp 768w\" sizes=\"(max-width: 853px) 100vw, 853px\" \/><\/a>\n\t\t\t<\/div><\/figure><figure class='gallery-item'>\n\t\t\t<div class='gallery-icon portrait'>\n\t\t\t\t<a href='https:\/\/kolon-guclendirme.com\/silivri\/wp-content\/uploads\/sites\/99\/2023\/09\/Silivri-Karbon-fiber-zemin-guclendirme-sistemleri-27027.webp'><img loading=\"lazy\" decoding=\"async\" width=\"853\" height=\"1200\" src=\"https:\/\/kolon-guclendirme.com\/silivri\/wp-content\/uploads\/sites\/99\/2023\/09\/Silivri-Karbon-fiber-zemin-guclendirme-sistemleri-27027.webp\" class=\"attachment-large size-large\" alt=\"\" srcset=\"https:\/\/kolon-guclendirme.com\/silivri\/wp-content\/uploads\/sites\/99\/2023\/09\/Silivri-Karbon-fiber-zemin-guclendirme-sistemleri-27027.webp 853w, https:\/\/kolon-guclendirme.com\/silivri\/wp-content\/uploads\/sites\/99\/2023\/09\/Silivri-Karbon-fiber-zemin-guclendirme-sistemleri-27027-768x1080.webp 768w\" sizes=\"(max-width: 853px) 100vw, 853px\" \/><\/a>\n\t\t\t<\/div><\/figure>\n\t\t<\/div>\n\n","protected":false},"excerpt":{"rendered":"<p>Silivri Teras Karbon Ke\u00e7e Kaplama, \u00e7evrenizde g\u00f6rd\u00fc\u011f\u00fcn\u00fcz her t\u00fcrl\u00fc teras\u0131n\u0131z\u0131 kusursuzca kaplayan bir se\u00e7enektir. Teras\u0131n\u0131z\u0131n g\u00fczelli\u011fini ve dayan\u0131kl\u0131l\u0131\u011f\u0131n\u0131 maksimum seviyeye \u00e7\u0131karmak i\u00e7in teras\u0131n\u0131z\u0131n karbon ke\u00e7e kaplamas\u0131n\u0131 uygulaman\u0131z\u0131 \u00f6neririz. Teras\u0131n\u0131z\u0131n \u00f6mr\u00fcn\u00fc &#8230;<\/p>\n","protected":false},"author":1,"featured_media":1557,"comment_status":"open","ping_status":"open","sticky":false,"template":"","format":"standard","meta":{"footnotes":""},"categories":[1],"tags":[17,12,38,63],"_links":{"self":[{"href":"https:\/\/kolon-guclendirme.com\/silivri\/wp-json\/wp\/v2\/posts\/200"}],"collection":[{"href":"https:\/\/kolon-guclendirme.com\/silivri\/wp-json\/wp\/v2\/posts"}],"about":[{"href":"https:\/\/kolon-guclendirme.com\/silivri\/wp-json\/wp\/v2\/types\/post"}],"author":[{"embeddable":true,"href":"https:\/\/kolon-guclendirme.com\/silivri\/wp-json\/wp\/v2\/users\/1"}],"replies":[{"embeddable":true,"href":"https:\/\/kolon-guclendirme.com\/silivri\/wp-json\/wp\/v2\/comments?post=200"}],"version-history":[{"count":1,"href":"https:\/\/kolon-guclendirme.com\/silivri\/wp-json\/wp\/v2\/posts\/200\/revisions"}],"predecessor-version":[{"id":1716,"href":"https:\/\/kolon-guclendirme.com\/silivri\/wp-json\/wp\/v2\/posts\/200\/revisions\/1716"}],"wp:featuredmedia":[{"embeddable":true,"href":"https:\/\/kolon-guclendirme.com\/silivri\/wp-json\/wp\/v2\/media\/1557"}],"wp:attachment":[{"href":"https:\/\/kolon-guclendirme.com\/silivri\/wp-json\/wp\/v2\/media?parent=200"}],"wp:term":[{"taxonomy":"category","embeddable":true,"href":"https:\/\/kolon-guclendirme.com\/silivri\/wp-json\/wp\/v2\/categories?post=200"},{"taxonomy":"post_tag","embeddable":true,"href":"https:\/\/kolon-guclendirme.com\/silivri\/wp-json\/wp\/v2\/tags?post=200"}],"curies":[{"name":"wp","href":"https:\/\/api.w.org\/{rel}","templated":true}]}}