{"id":188,"date":"2023-10-01T12:22:55","date_gmt":"2023-10-01T09:22:55","guid":{"rendered":"https:\/\/kolon-guclendirme.com\/silivri\/silivri-yapi-karbon-fiber-kaplama-yapanlar\/"},"modified":"2023-10-01T12:22:56","modified_gmt":"2023-10-01T09:22:56","slug":"silivri-yapi-karbon-fiber-kaplama-yapanlar","status":"publish","type":"post","link":"https:\/\/kolon-guclendirme.com\/silivri\/silivri-yapi-karbon-fiber-kaplama-yapanlar\/","title":{"rendered":"Silivri Yap\u0131 karbon fiber kaplama yapanlar"},"content":{"rendered":"<p>Carbon fiber kaplama, Silivri Yap\u0131 i\u00e7in geli\u015fmi\u015f bir malzeme. Bu malzeme, dayan\u0131kl\u0131l\u0131k ve kaliteyi bir araya getirir. Carbon fiber kaplama, hava ko\u015fullar\u0131na kar\u015f\u0131 dayan\u0131kl\u0131l\u0131k sa\u011flar ve ayn\u0131 zamanda esnekli\u011fi de art\u0131r\u0131r. Bu, Silivri Yap\u0131 i\u00e7in \u00e7ok \u00f6nemli bir avantajd\u0131r. Carbon fiber kaplama, Silivri Yap\u0131n\u0131n \u00fcr\u00fcnlerini daha sa\u011flam ve dayan\u0131kl\u0131 hale getirir. Ayr\u0131ca, \u00fcr\u00fcnlerin g\u00f6r\u00fcn\u00fcm\u00fcn\u00fc de \u00f6nemli \u00f6l\u00e7\u00fcde geli\u015ftirir. Carbon fiber kaplama, Silivri Yap\u0131n\u0131n \u00fcr\u00fcnlerinin uzun \u00f6m\u00fcrl\u00fc ve dayan\u0131kl\u0131 olmas\u0131n\u0131 sa\u011flar. Bu, \u00fcr\u00fcnlerin \u00e7ok daha uzun s\u00fcre kullan\u0131labilece\u011fi anlam\u0131na gelir. Carbon fiber kaplama, \u00fcr\u00fc<\/p>\n<p>        <!-- \/wp:paragraph --><\/p>\n<div id='gallery-1' class='gallery galleryid-188 gallery-columns-2 gallery-size-large'><figure class='gallery-item'>\n\t\t\t<div class='gallery-icon portrait'>\n\t\t\t\t<a href='https:\/\/kolon-guclendirme.com\/silivri\/wp-content\/uploads\/sites\/99\/2023\/09\/Silivri-Celik-cerceveli-kirisler-icin-guclendirme-malzemeleri-74780.webp'><img loading=\"lazy\" decoding=\"async\" width=\"853\" height=\"1200\" src=\"https:\/\/kolon-guclendirme.com\/silivri\/wp-content\/uploads\/sites\/99\/2023\/09\/Silivri-Celik-cerceveli-kirisler-icin-guclendirme-malzemeleri-74780.webp\" class=\"attachment-large size-large\" alt=\"\" srcset=\"https:\/\/kolon-guclendirme.com\/silivri\/wp-content\/uploads\/sites\/99\/2023\/09\/Silivri-Celik-cerceveli-kirisler-icin-guclendirme-malzemeleri-74780.webp 853w, https:\/\/kolon-guclendirme.com\/silivri\/wp-content\/uploads\/sites\/99\/2023\/09\/Silivri-Celik-cerceveli-kirisler-icin-guclendirme-malzemeleri-74780-768x1080.webp 768w\" sizes=\"(max-width: 853px) 100vw, 853px\" \/><\/a>\n\t\t\t<\/div><\/figure><figure class='gallery-item'>\n\t\t\t<div class='gallery-icon portrait'>\n\t\t\t\t<a href='https:\/\/kolon-guclendirme.com\/silivri\/wp-content\/uploads\/sites\/99\/2023\/09\/Silivri-Tavan-karbon-kece-kaplama-fiyati-13364.webp'><img loading=\"lazy\" decoding=\"async\" width=\"853\" height=\"1200\" src=\"https:\/\/kolon-guclendirme.com\/silivri\/wp-content\/uploads\/sites\/99\/2023\/09\/Silivri-Tavan-karbon-kece-kaplama-fiyati-13364.webp\" class=\"attachment-large size-large\" alt=\"De\u011firmenk\u00f6y Fevzipa\u015fa Bina karbon lif kaplama malzemesi\" srcset=\"https:\/\/kolon-guclendirme.com\/silivri\/wp-content\/uploads\/sites\/99\/2023\/09\/Silivri-Tavan-karbon-kece-kaplama-fiyati-13364.webp 853w, https:\/\/kolon-guclendirme.com\/silivri\/wp-content\/uploads\/sites\/99\/2023\/09\/Silivri-Tavan-karbon-kece-kaplama-fiyati-13364-768x1080.webp 768w\" sizes=\"(max-width: 853px) 100vw, 853px\" \/><\/a>\n\t\t\t<\/div><\/figure>\n\t\t<\/div>\n\n","protected":false},"excerpt":{"rendered":"<p>Carbon fiber kaplama, Silivri Yap\u0131 i\u00e7in geli\u015fmi\u015f bir malzeme. Bu malzeme, dayan\u0131kl\u0131l\u0131k ve kaliteyi bir araya getirir. Carbon fiber kaplama, hava ko\u015fullar\u0131na kar\u015f\u0131 dayan\u0131kl\u0131l\u0131k sa\u011flar ve ayn\u0131 zamanda esnekli\u011fi de &#8230;<\/p>\n","protected":false},"author":1,"featured_media":1565,"comment_status":"open","ping_status":"open","sticky":false,"template":"","format":"standard","meta":{"footnotes":""},"categories":[1],"tags":[20,28,17,21,19],"_links":{"self":[{"href":"https:\/\/kolon-guclendirme.com\/silivri\/wp-json\/wp\/v2\/posts\/188"}],"collection":[{"href":"https:\/\/kolon-guclendirme.com\/silivri\/wp-json\/wp\/v2\/posts"}],"about":[{"href":"https:\/\/kolon-guclendirme.com\/silivri\/wp-json\/wp\/v2\/types\/post"}],"author":[{"embeddable":true,"href":"https:\/\/kolon-guclendirme.com\/silivri\/wp-json\/wp\/v2\/users\/1"}],"replies":[{"embeddable":true,"href":"https:\/\/kolon-guclendirme.com\/silivri\/wp-json\/wp\/v2\/comments?post=188"}],"version-history":[{"count":1,"href":"https:\/\/kolon-guclendirme.com\/silivri\/wp-json\/wp\/v2\/posts\/188\/revisions"}],"predecessor-version":[{"id":1718,"href":"https:\/\/kolon-guclendirme.com\/silivri\/wp-json\/wp\/v2\/posts\/188\/revisions\/1718"}],"wp:featuredmedia":[{"embeddable":true,"href":"https:\/\/kolon-guclendirme.com\/silivri\/wp-json\/wp\/v2\/media\/1565"}],"wp:attachment":[{"href":"https:\/\/kolon-guclendirme.com\/silivri\/wp-json\/wp\/v2\/media?parent=188"}],"wp:term":[{"taxonomy":"category","embeddable":true,"href":"https:\/\/kolon-guclendirme.com\/silivri\/wp-json\/wp\/v2\/categories?post=188"},{"taxonomy":"post_tag","embeddable":true,"href":"https:\/\/kolon-guclendirme.com\/silivri\/wp-json\/wp\/v2\/tags?post=188"}],"curies":[{"name":"wp","href":"https:\/\/api.w.org\/{rel}","templated":true}]}}