{"id":1845,"date":"2024-02-17T20:03:29","date_gmt":"2024-02-17T17:03:29","guid":{"rendered":"https:\/\/kolon-guclendirme.com\/silivri\/selimpasa-karbon-fiber-kolon-guclendirme-sureci\/"},"modified":"2024-02-17T20:03:31","modified_gmt":"2024-02-17T17:03:31","slug":"selimpasa-karbon-fiber-kolon-guclendirme-sureci","status":"publish","type":"post","link":"https:\/\/kolon-guclendirme.com\/silivri\/selimpasa-karbon-fiber-kolon-guclendirme-sureci\/","title":{"rendered":"Selimpa\u015fa karbon fiber kolon g\u00fc\u00e7lendirme s\u00fcreci"},"content":{"rendered":"<p>**Selimpa\u015fa&#8217;da Karbon Fiber Kolon G\u00fc\u00e7lendirme: Depreme Haz\u0131r Binalar**<\/p>\n<p>\u0130stanbul&#8217;un Silivri il\u00e7esi Selimpa\u015fa mahallesinde, deprem riski y\u00fcksek binalar\u0131n g\u00fc\u00e7lendirilmesi i\u00e7in karbon fiber kolon g\u00fc\u00e7lendirme y\u00f6ntemi kullan\u0131l\u0131yor. Bu yenilik\u00e7i teknik, kolonlar\u0131n dayan\u0131kl\u0131l\u0131\u011f\u0131n\u0131 art\u0131rarak binalar\u0131 depremlere kar\u015f\u0131 daha diren\u00e7li hale getiriyor.<\/p>\n<p>Karbon fiber kolon g\u00fc\u00e7lendirme, hafif ve y\u00fcksek mukavemetli karbon fiber kuma\u015flar\u0131n kolona sar\u0131lmas\u0131yla ger\u00e7ekle\u015ftiriliyor. Bu kuma\u015flar, kolona ek y\u00fck bindirmeden dayan\u0131kl\u0131l\u0131\u011f\u0131n\u0131 \u00f6nemli \u00f6l\u00e7\u00fcde art\u0131r\u0131yor. Ayr\u0131ca, bu y\u00f6ntem estetik a\u00e7\u0131dan ho\u015f olmas\u0131yla da \u00f6ne \u00e7\u0131k\u0131yor ve bina g\u00f6r\u00fcn\u00fcm\u00fcn\u00fc olumsuz etkilemiyor.<\/p>\n<p>Selimpa\u015fa sakinleri, karbon fiber kolon g\u00fc\u00e7lendirme sayesinde deprem korkular\u0131n\u0131 azalt\u0131yor. Bu teknik, binalar\u0131n dayan\u0131kl\u0131l\u0131\u011f\u0131n\u0131 art\u0131rarak hem can g\u00fcvenli\u011fini hem de m\u00fclklerin korunmas\u0131n\u0131 sa\u011fl\u0131yor. \u0130leri teknoloji \u00fcr\u00fcn\u00fc bu y\u00f6ntemle, Selimpa\u015fa mahallesi daha g\u00fcvenli bir ya\u015fam alan\u0131 haline geliyor.<div id='gallery-1' class='gallery galleryid-1845 gallery-columns-2 gallery-size-large'><figure class='gallery-item'>\n\t\t\t<div class='gallery-icon portrait'>\n\t\t\t\t<a href='https:\/\/kolon-guclendirme.com\/silivri\/wp-content\/uploads\/sites\/99\/2023\/09\/Silivri-Kolon-karbon-kece-kaplama-fiyatlari-93537.webp'><img loading=\"lazy\" decoding=\"async\" width=\"853\" height=\"1200\" src=\"https:\/\/kolon-guclendirme.com\/silivri\/wp-content\/uploads\/sites\/99\/2023\/09\/Silivri-Kolon-karbon-kece-kaplama-fiyatlari-93537.webp\" class=\"attachment-large size-large\" alt=\"\" srcset=\"https:\/\/kolon-guclendirme.com\/silivri\/wp-content\/uploads\/sites\/99\/2023\/09\/Silivri-Kolon-karbon-kece-kaplama-fiyatlari-93537.webp 853w, https:\/\/kolon-guclendirme.com\/silivri\/wp-content\/uploads\/sites\/99\/2023\/09\/Silivri-Kolon-karbon-kece-kaplama-fiyatlari-93537-768x1080.webp 768w\" sizes=\"(max-width: 853px) 100vw, 853px\" \/><\/a>\n\t\t\t<\/div><\/figure>\n\t\t<\/div>\n<\/p>\n","protected":false},"excerpt":{"rendered":"<p>**Selimpa\u015fa&#8217;da Karbon Fiber Kolon G\u00fc\u00e7lendirme: Depreme Haz\u0131r Binalar** \u0130stanbul&#8217;un Silivri il\u00e7esi Selimpa\u015fa mahallesinde, deprem riski y\u00fcksek binalar\u0131n g\u00fc\u00e7lendirilmesi i\u00e7in karbon fiber kolon g\u00fc\u00e7lendirme y\u00f6ntemi kullan\u0131l\u0131yor. Bu yenilik\u00e7i teknik, kolonlar\u0131n dayan\u0131kl\u0131l\u0131\u011f\u0131n\u0131 &#8230;<\/p>\n","protected":false},"author":1,"featured_media":1600,"comment_status":"closed","ping_status":"open","sticky":false,"template":"","format":"standard","meta":{"footnotes":""},"categories":[183],"tags":[28,11,12,40,95],"_links":{"self":[{"href":"https:\/\/kolon-guclendirme.com\/silivri\/wp-json\/wp\/v2\/posts\/1845"}],"collection":[{"href":"https:\/\/kolon-guclendirme.com\/silivri\/wp-json\/wp\/v2\/posts"}],"about":[{"href":"https:\/\/kolon-guclendirme.com\/silivri\/wp-json\/wp\/v2\/types\/post"}],"author":[{"embeddable":true,"href":"https:\/\/kolon-guclendirme.com\/silivri\/wp-json\/wp\/v2\/users\/1"}],"replies":[{"embeddable":true,"href":"https:\/\/kolon-guclendirme.com\/silivri\/wp-json\/wp\/v2\/comments?post=1845"}],"version-history":[{"count":1,"href":"https:\/\/kolon-guclendirme.com\/silivri\/wp-json\/wp\/v2\/posts\/1845\/revisions"}],"predecessor-version":[{"id":1846,"href":"https:\/\/kolon-guclendirme.com\/silivri\/wp-json\/wp\/v2\/posts\/1845\/revisions\/1846"}],"wp:featuredmedia":[{"embeddable":true,"href":"https:\/\/kolon-guclendirme.com\/silivri\/wp-json\/wp\/v2\/media\/1600"}],"wp:attachment":[{"href":"https:\/\/kolon-guclendirme.com\/silivri\/wp-json\/wp\/v2\/media?parent=1845"}],"wp:term":[{"taxonomy":"category","embeddable":true,"href":"https:\/\/kolon-guclendirme.com\/silivri\/wp-json\/wp\/v2\/categories?post=1845"},{"taxonomy":"post_tag","embeddable":true,"href":"https:\/\/kolon-guclendirme.com\/silivri\/wp-json\/wp\/v2\/tags?post=1845"}],"curies":[{"name":"wp","href":"https:\/\/api.w.org\/{rel}","templated":true}]}}