{"id":1835,"date":"2024-01-28T13:36:25","date_gmt":"2024-01-28T10:36:25","guid":{"rendered":"https:\/\/kolon-guclendirme.com\/silivri\/degirmenkoy-ismetpasa-duvar-karbon-fiber-kaplama-fiyati\/"},"modified":"2024-01-28T13:36:29","modified_gmt":"2024-01-28T10:36:29","slug":"degirmenkoy-ismetpasa-duvar-karbon-fiber-kaplama-fiyati","status":"publish","type":"post","link":"https:\/\/kolon-guclendirme.com\/silivri\/degirmenkoy-ismetpasa-duvar-karbon-fiber-kaplama-fiyati\/","title":{"rendered":"De\u011firmenk\u00f6y ismetpa\u015fa Duvar karbon fiber kaplama fiyat\u0131"},"content":{"rendered":"<p>**Duvar Karbon Fiber Kaplama Fiyat\u0131**<\/p>\n<p>Duvar karbon fiber kaplama, estetik ve dayan\u0131kl\u0131 bir kaplama t\u00fcr\u00fcd\u00fcr. Kaplama, karbon fiber kuma\u015f ve re\u00e7ine kullan\u0131larak yap\u0131l\u0131r. Karbon fiber kuma\u015f, y\u00fcksek mukavemetli ve hafif bir malzemedir. Re\u00e7ine ise, karbon fiber kuma\u015f\u0131 y\u00fczeye yap\u0131\u015ft\u0131rmak i\u00e7in kullan\u0131l\u0131r.<\/p>\n<p>Duvar karbon fiber kaplama fiyat\u0131, kaplaman\u0131n yap\u0131ld\u0131\u011f\u0131 alan\u0131n b\u00fcy\u00fckl\u00fc\u011f\u00fcne, kullan\u0131lan karbon fiber kuma\u015f\u0131n t\u00fcr\u00fcne ve re\u00e7inenin kalitesine ba\u011fl\u0131 olarak de\u011fi\u015febilir. Genel olarak, duvar karbon fiber kaplama fiyat\u0131 metrekare ba\u015f\u0131na 100 TL ile 200 TL aras\u0131nda de\u011fi\u015fmektedir.<\/p>\n<p>Duvar karbon fiber kaplama, estetik ve dayan\u0131kl\u0131 bir kaplama t\u00fcr\u00fc oldu\u011fu i\u00e7in bir\u00e7ok alanda kullan\u0131lmaktad\u0131r. Kaplama, \u00f6zellikle otomotiv, havac\u0131l\u0131k ve in\u015faat sekt\u00f6rlerinde s\u0131kl\u0131kla tercih edilmektedir. Duvar karbon fiber kaplama, ayr\u0131ca spor salonlar\u0131, al\u0131\u015fveri\u015f merkezleri ve restoranlar gibi yerlerde de kullan\u0131lmaktad\u0131r.<\/p>\n<p>Duvar karbon fiber kaplama yapt\u0131rmak istiyorsan\u0131z, \u00f6ncelikle kaplaman\u0131n yap\u0131laca\u011f\u0131 alan\u0131 belirlemelisiniz. Daha sonra, kullan\u0131lacak karbon fiber kuma\u015f\u0131n t\u00fcr\u00fcn\u00fc ve re\u00e7inenin kalitesini se\u00e7melisiniz. Son olarak, kaplamay\u0131 yapacak olan firmay\u0131 belirlemelisiniz. Duvar karbon fiber kaplama yapt\u0131r\u0131rken, g\u00fcvenilir ve deneyimli bir firma se\u00e7meniz \u00f6nemlidir.<div id='gallery-1' class='gallery galleryid-1835 gallery-columns-2 gallery-size-large'><figure class='gallery-item'>\n\t\t\t<div class='gallery-icon portrait'>\n\t\t\t\t<a href='https:\/\/kolon-guclendirme.com\/silivri\/wp-content\/uploads\/sites\/99\/2023\/09\/Silivri-Zemin-frp-elyaf-guclendirme-fiyati-50427.webp'><img loading=\"lazy\" decoding=\"async\" width=\"853\" height=\"1200\" src=\"https:\/\/kolon-guclendirme.com\/silivri\/wp-content\/uploads\/sites\/99\/2023\/09\/Silivri-Zemin-frp-elyaf-guclendirme-fiyati-50427.webp\" class=\"attachment-large size-large\" alt=\"Kad\u0131k\u00f6y Yap\u0131 karbon kaplama maliyeti\" srcset=\"https:\/\/kolon-guclendirme.com\/silivri\/wp-content\/uploads\/sites\/99\/2023\/09\/Silivri-Zemin-frp-elyaf-guclendirme-fiyati-50427.webp 853w, https:\/\/kolon-guclendirme.com\/silivri\/wp-content\/uploads\/sites\/99\/2023\/09\/Silivri-Zemin-frp-elyaf-guclendirme-fiyati-50427-768x1080.webp 768w\" sizes=\"(max-width: 853px) 100vw, 853px\" \/><\/a>\n\t\t\t<\/div><\/figure><figure class='gallery-item'>\n\t\t\t<div class='gallery-icon portrait'>\n\t\t\t\t<a href='https:\/\/kolon-guclendirme.com\/silivri\/wp-content\/uploads\/sites\/99\/2023\/09\/Silivri-Karbon-bina-guclendirme-firmasi-10978.webp'><img loading=\"lazy\" decoding=\"async\" width=\"853\" height=\"1200\" src=\"https:\/\/kolon-guclendirme.com\/silivri\/wp-content\/uploads\/sites\/99\/2023\/09\/Silivri-Karbon-bina-guclendirme-firmasi-10978.webp\" class=\"attachment-large size-large\" alt=\"Alibey Bina g\u00fc\u00e7lendirme maliyeti forum\" srcset=\"https:\/\/kolon-guclendirme.com\/silivri\/wp-content\/uploads\/sites\/99\/2023\/09\/Silivri-Karbon-bina-guclendirme-firmasi-10978.webp 853w, https:\/\/kolon-guclendirme.com\/silivri\/wp-content\/uploads\/sites\/99\/2023\/09\/Silivri-Karbon-bina-guclendirme-firmasi-10978-768x1080.webp 768w\" sizes=\"(max-width: 853px) 100vw, 853px\" \/><\/a>\n\t\t\t<\/div><\/figure>\n\t\t<\/div>\n<\/p>\n","protected":false},"excerpt":{"rendered":"<p>**Duvar Karbon Fiber Kaplama Fiyat\u0131** Duvar karbon fiber kaplama, estetik ve dayan\u0131kl\u0131 bir kaplama t\u00fcr\u00fcd\u00fcr. Kaplama, karbon fiber kuma\u015f ve re\u00e7ine kullan\u0131larak yap\u0131l\u0131r. Karbon fiber kuma\u015f, y\u00fcksek mukavemetli ve hafif &#8230;<\/p>\n","protected":false},"author":1,"featured_media":1493,"comment_status":"closed","ping_status":"open","sticky":false,"template":"","format":"standard","meta":{"footnotes":""},"categories":[172],"tags":[99,28,17,12],"_links":{"self":[{"href":"https:\/\/kolon-guclendirme.com\/silivri\/wp-json\/wp\/v2\/posts\/1835"}],"collection":[{"href":"https:\/\/kolon-guclendirme.com\/silivri\/wp-json\/wp\/v2\/posts"}],"about":[{"href":"https:\/\/kolon-guclendirme.com\/silivri\/wp-json\/wp\/v2\/types\/post"}],"author":[{"embeddable":true,"href":"https:\/\/kolon-guclendirme.com\/silivri\/wp-json\/wp\/v2\/users\/1"}],"replies":[{"embeddable":true,"href":"https:\/\/kolon-guclendirme.com\/silivri\/wp-json\/wp\/v2\/comments?post=1835"}],"version-history":[{"count":1,"href":"https:\/\/kolon-guclendirme.com\/silivri\/wp-json\/wp\/v2\/posts\/1835\/revisions"}],"predecessor-version":[{"id":1836,"href":"https:\/\/kolon-guclendirme.com\/silivri\/wp-json\/wp\/v2\/posts\/1835\/revisions\/1836"}],"wp:featuredmedia":[{"embeddable":true,"href":"https:\/\/kolon-guclendirme.com\/silivri\/wp-json\/wp\/v2\/media\/1493"}],"wp:attachment":[{"href":"https:\/\/kolon-guclendirme.com\/silivri\/wp-json\/wp\/v2\/media?parent=1835"}],"wp:term":[{"taxonomy":"category","embeddable":true,"href":"https:\/\/kolon-guclendirme.com\/silivri\/wp-json\/wp\/v2\/categories?post=1835"},{"taxonomy":"post_tag","embeddable":true,"href":"https:\/\/kolon-guclendirme.com\/silivri\/wp-json\/wp\/v2\/tags?post=1835"}],"curies":[{"name":"wp","href":"https:\/\/api.w.org\/{rel}","templated":true}]}}