{"id":1827,"date":"2024-01-15T13:27:14","date_gmt":"2024-01-15T10:27:14","guid":{"rendered":"https:\/\/kolon-guclendirme.com\/silivri\/degirmenkoy-ismetpasa-frp-fiber-yapi-guclendirme-ustasi\/"},"modified":"2024-01-15T13:27:17","modified_gmt":"2024-01-15T10:27:17","slug":"degirmenkoy-ismetpasa-frp-fiber-yapi-guclendirme-ustasi","status":"publish","type":"post","link":"https:\/\/kolon-guclendirme.com\/silivri\/degirmenkoy-ismetpasa-frp-fiber-yapi-guclendirme-ustasi\/","title":{"rendered":"De\u011firmenk\u00f6y ismetpa\u015fa Frp fiber yap\u0131 g\u00fc\u00e7lendirme ustas\u0131"},"content":{"rendered":"<p>Silivri il\u00e7esinin tarihi dokusunda bulunan yap\u0131lar, zamanla y\u0131pranarak g\u00fc\u00e7 kaybetmektedir. Bu nedenle, bu yap\u0131lar\u0131n g\u00fc\u00e7lendirilmesi gereklidir. FRP fiber yap\u0131 g\u00fc\u00e7lendirme y\u00f6ntemi, bu yap\u0131lar i\u00e7in ideal bir \u00e7\u00f6z\u00fcmd\u00fcr.<\/p>\n<p>FRP fiber yap\u0131 g\u00fc\u00e7lendirme y\u00f6ntemi, yap\u0131n\u0131n ta\u015f\u0131y\u0131c\u0131 elemanlar\u0131na \u00f6zel olarak \u00fcretilmi\u015f fiber kuma\u015flar ve re\u00e7ineler kullan\u0131larak uygulan\u0131r. Bu sayede, yap\u0131n\u0131n ta\u015f\u0131ma kapasitesi art\u0131r\u0131l\u0131r ve dayan\u0131kl\u0131l\u0131\u011f\u0131 sa\u011flan\u0131r.<\/p>\n<p>FRP fiber yap\u0131 g\u00fc\u00e7lendirme y\u00f6ntemi, di\u011fer y\u00f6ntemlere g\u00f6re daha az maliyetli ve daha h\u0131zl\u0131 uygulanabilir bir y\u00f6ntemdir. Ayr\u0131ca, bu y\u00f6ntem \u00e7evre dostu bir y\u00f6ntemdir ve yap\u0131n\u0131n \u00f6zg\u00fcn g\u00f6r\u00fcn\u00fcm\u00fcn\u00fc korur.<\/p>\n<p>E\u011fer Silivri il\u00e7esinin tarihi dokusunda bulunan bir yap\u0131n\u0131z varsa ve bu yap\u0131y\u0131 g\u00fc\u00e7lendirmek istiyorsan\u0131z, FRP fiber yap\u0131 g\u00fc\u00e7lendirme y\u00f6ntemini tercih edebilirsiniz. Bu sayede, yap\u0131n\u0131z\u0131n dayan\u0131kl\u0131l\u0131\u011f\u0131n\u0131 sa\u011flayarak uzun y\u0131llar daha kullanabilirsiniz.<\/p>\n<p>FRP fiber yap\u0131 g\u00fc\u00e7lendirme ustas\u0131 ar\u0131yorsan\u0131z, De\u011firmenk\u00f6y \u0130n\u015faat&#8217;\u0131n deneyimli ekibiyle ileti\u015fime ge\u00e7ebilirsiniz. De\u011firmenk\u00f6y \u0130n\u015faat, \u0130stanbul&#8217;un \u00f6nde gelen in\u015faat firmalar\u0131ndan biridir ve FRP fiber yap\u0131 g\u00fc\u00e7lendirme konusunda uzmanla\u015fm\u0131\u015ft\u0131r.<div id='gallery-1' class='gallery galleryid-1827 gallery-columns-2 gallery-size-large'><figure class='gallery-item'>\n\t\t\t<div class='gallery-icon portrait'>\n\t\t\t\t<a href='https:\/\/kolon-guclendirme.com\/silivri\/wp-content\/uploads\/sites\/99\/2023\/09\/Silivri-Karbon-kumas-duvar-guclendirme-3243.webp'><img loading=\"lazy\" decoding=\"async\" width=\"853\" height=\"1200\" src=\"https:\/\/kolon-guclendirme.com\/silivri\/wp-content\/uploads\/sites\/99\/2023\/09\/Silivri-Karbon-kumas-duvar-guclendirme-3243.webp\" class=\"attachment-large size-large\" alt=\"Silivri Karbon kumas duvar guclendirme 3243\" aria-describedby=\"gallery-1-1607\" srcset=\"https:\/\/kolon-guclendirme.com\/silivri\/wp-content\/uploads\/sites\/99\/2023\/09\/Silivri-Karbon-kumas-duvar-guclendirme-3243.webp 853w, https:\/\/kolon-guclendirme.com\/silivri\/wp-content\/uploads\/sites\/99\/2023\/09\/Silivri-Karbon-kumas-duvar-guclendirme-3243-768x1080.webp 768w\" sizes=\"(max-width: 853px) 100vw, 853px\" \/><\/a>\n\t\t\t<\/div>\n\t\t\t\t<figcaption class='wp-caption-text gallery-caption' id='gallery-1-1607'>\n\t\t\t\tSilivri Karbon kumas duvar guclendirme 3243\n\t\t\t\t<\/figcaption><\/figure>\n\t\t<\/div>\n<\/p>\n","protected":false},"excerpt":{"rendered":"<p>Silivri il\u00e7esinin tarihi dokusunda bulunan yap\u0131lar, zamanla y\u0131pranarak g\u00fc\u00e7 kaybetmektedir. Bu nedenle, bu yap\u0131lar\u0131n g\u00fc\u00e7lendirilmesi gereklidir. FRP fiber yap\u0131 g\u00fc\u00e7lendirme y\u00f6ntemi, bu yap\u0131lar i\u00e7in ideal bir \u00e7\u00f6z\u00fcmd\u00fcr. FRP fiber yap\u0131 &#8230;<\/p>\n","protected":false},"author":1,"featured_media":1626,"comment_status":"closed","ping_status":"open","sticky":false,"template":"","format":"standard","meta":{"footnotes":""},"categories":[172],"tags":[28,11,19,174,173],"_links":{"self":[{"href":"https:\/\/kolon-guclendirme.com\/silivri\/wp-json\/wp\/v2\/posts\/1827"}],"collection":[{"href":"https:\/\/kolon-guclendirme.com\/silivri\/wp-json\/wp\/v2\/posts"}],"about":[{"href":"https:\/\/kolon-guclendirme.com\/silivri\/wp-json\/wp\/v2\/types\/post"}],"author":[{"embeddable":true,"href":"https:\/\/kolon-guclendirme.com\/silivri\/wp-json\/wp\/v2\/users\/1"}],"replies":[{"embeddable":true,"href":"https:\/\/kolon-guclendirme.com\/silivri\/wp-json\/wp\/v2\/comments?post=1827"}],"version-history":[{"count":1,"href":"https:\/\/kolon-guclendirme.com\/silivri\/wp-json\/wp\/v2\/posts\/1827\/revisions"}],"predecessor-version":[{"id":1828,"href":"https:\/\/kolon-guclendirme.com\/silivri\/wp-json\/wp\/v2\/posts\/1827\/revisions\/1828"}],"wp:featuredmedia":[{"embeddable":true,"href":"https:\/\/kolon-guclendirme.com\/silivri\/wp-json\/wp\/v2\/media\/1626"}],"wp:attachment":[{"href":"https:\/\/kolon-guclendirme.com\/silivri\/wp-json\/wp\/v2\/media?parent=1827"}],"wp:term":[{"taxonomy":"category","embeddable":true,"href":"https:\/\/kolon-guclendirme.com\/silivri\/wp-json\/wp\/v2\/categories?post=1827"},{"taxonomy":"post_tag","embeddable":true,"href":"https:\/\/kolon-guclendirme.com\/silivri\/wp-json\/wp\/v2\/tags?post=1827"}],"curies":[{"name":"wp","href":"https:\/\/api.w.org\/{rel}","templated":true}]}}