{"id":1825,"date":"2024-01-14T17:33:40","date_gmt":"2024-01-14T14:33:40","guid":{"rendered":"https:\/\/kolon-guclendirme.com\/silivri\/kavakli-cumhuriyet-1-katli-bina-karbon-guclendirme-fiyati\/"},"modified":"2024-01-14T17:33:43","modified_gmt":"2024-01-14T14:33:43","slug":"kavakli-cumhuriyet-1-katli-bina-karbon-guclendirme-fiyati","status":"publish","type":"post","link":"https:\/\/kolon-guclendirme.com\/silivri\/kavakli-cumhuriyet-1-katli-bina-karbon-guclendirme-fiyati\/","title":{"rendered":"Kavakl\u0131 Cumhuriyet 1 katl\u0131 bina karbon g\u00fc\u00e7lendirme fiyat\u0131"},"content":{"rendered":"<p>Silivri il\u00e7esinde yer alan \u00c7avakl\u0131 Cumhuriyet mahallesinde 1 katl\u0131 bir binan\u0131n karbon g\u00fc\u00e7lendirmesi fiyat\u0131, binan\u0131n b\u00fcy\u00fckl\u00fc\u011f\u00fcne, yap\u0131s\u0131na ve g\u00fc\u00e7lendirme i\u015fleminin kapsam\u0131na g\u00f6re de\u011fi\u015fmektedir. Genel olarak, 1 katl\u0131 bir binan\u0131n karbon g\u00fc\u00e7lendirmesi fiyat\u0131 10.000 TL ile 20.000 TL aras\u0131nda de\u011fi\u015fmektedir.<\/p>\n<p>Karbon g\u00fc\u00e7lendirme i\u015flemi, binan\u0131n yap\u0131sal elemanlar\u0131n\u0131n karbon fiber malzemelerle g\u00fc\u00e7lendirilmesi i\u015flemidir. Bu i\u015flem, binan\u0131n deprem, sel gibi do\u011fal afetlere kar\u015f\u0131 dayan\u0131kl\u0131l\u0131\u011f\u0131n\u0131 art\u0131rmak i\u00e7in yap\u0131l\u0131r. Karbon g\u00fc\u00e7lendirme i\u015flemi, binan\u0131n ta\u015f\u0131y\u0131c\u0131 sistemine, kolonlar\u0131na ve kiri\u015flerine uygulanabilir.<\/p>\n<p>Silivri il\u00e7esinde yer alan \u00c7avakl\u0131 Cumhuriyet mahallesinde 1 katl\u0131 bir binan\u0131n karbon g\u00fc\u00e7lendirmesi fiyat\u0131, binan\u0131n b\u00fcy\u00fckl\u00fc\u011f\u00fcne, yap\u0131s\u0131na ve g\u00fc\u00e7lendirme i\u015fleminin kapsam\u0131na g\u00f6re de\u011fi\u015fmektedir. Genel olarak, 1 katl\u0131 bir binan\u0131n karbon g\u00fc\u00e7lendirmesi fiyat\u0131 10.000 TL ile 20.000 TL aras\u0131nda de\u011fi\u015fmektedir.<\/p>\n<p>Karbon g\u00fc\u00e7lendirme i\u015flemi, binan\u0131n yap\u0131s\u0131na zarar vermeden uygulanabilen g\u00fcvenli ve etkili bir y\u00f6ntemdir. Bu i\u015flem, binan\u0131n \u00f6mr\u00fcn\u00fc uzatmak ve dayan\u0131kl\u0131l\u0131\u011f\u0131n\u0131 art\u0131rmak i\u00e7in yap\u0131labilir.<div id='gallery-1' class='gallery galleryid-1825 gallery-columns-2 gallery-size-large'><figure class='gallery-item'>\n\t\t\t<div class='gallery-icon portrait'>\n\t\t\t\t<a href='https:\/\/kolon-guclendirme.com\/silivri\/wp-content\/uploads\/sites\/99\/2023\/09\/Silivri-Karbon-kumas-duvar-guclendirme-3243.webp'><img loading=\"lazy\" decoding=\"async\" width=\"853\" height=\"1200\" src=\"https:\/\/kolon-guclendirme.com\/silivri\/wp-content\/uploads\/sites\/99\/2023\/09\/Silivri-Karbon-kumas-duvar-guclendirme-3243.webp\" class=\"attachment-large size-large\" alt=\"Silivri Karbon kumas duvar guclendirme 3243\" aria-describedby=\"gallery-1-1607\" srcset=\"https:\/\/kolon-guclendirme.com\/silivri\/wp-content\/uploads\/sites\/99\/2023\/09\/Silivri-Karbon-kumas-duvar-guclendirme-3243.webp 853w, https:\/\/kolon-guclendirme.com\/silivri\/wp-content\/uploads\/sites\/99\/2023\/09\/Silivri-Karbon-kumas-duvar-guclendirme-3243-768x1080.webp 768w\" sizes=\"(max-width: 853px) 100vw, 853px\" \/><\/a>\n\t\t\t<\/div>\n\t\t\t\t<figcaption class='wp-caption-text gallery-caption' id='gallery-1-1607'>\n\t\t\t\tSilivri Karbon kumas duvar guclendirme 3243\n\t\t\t\t<\/figcaption><\/figure><figure class='gallery-item'>\n\t\t\t<div class='gallery-icon portrait'>\n\t\t\t\t<a href='https:\/\/kolon-guclendirme.com\/silivri\/wp-content\/uploads\/sites\/99\/2023\/09\/Silivri-Yapi-frp-fiber-kaplama-ustasi-18119.webp'><img loading=\"lazy\" decoding=\"async\" width=\"853\" height=\"1200\" src=\"https:\/\/kolon-guclendirme.com\/silivri\/wp-content\/uploads\/sites\/99\/2023\/09\/Silivri-Yapi-frp-fiber-kaplama-ustasi-18119.webp\" class=\"attachment-large size-large\" alt=\"Kad\u0131k\u00f6y Yap\u0131 karbon kaplama maliyeti\" srcset=\"https:\/\/kolon-guclendirme.com\/silivri\/wp-content\/uploads\/sites\/99\/2023\/09\/Silivri-Yapi-frp-fiber-kaplama-ustasi-18119.webp 853w, https:\/\/kolon-guclendirme.com\/silivri\/wp-content\/uploads\/sites\/99\/2023\/09\/Silivri-Yapi-frp-fiber-kaplama-ustasi-18119-768x1080.webp 768w\" sizes=\"(max-width: 853px) 100vw, 853px\" \/><\/a>\n\t\t\t<\/div><\/figure>\n\t\t<\/div>\n<\/p>\n","protected":false},"excerpt":{"rendered":"<p>Silivri il\u00e7esinde yer alan \u00c7avakl\u0131 Cumhuriyet mahallesinde 1 katl\u0131 bir binan\u0131n karbon g\u00fc\u00e7lendirmesi fiyat\u0131, binan\u0131n b\u00fcy\u00fckl\u00fc\u011f\u00fcne, yap\u0131s\u0131na ve g\u00fc\u00e7lendirme i\u015fleminin kapsam\u0131na g\u00f6re de\u011fi\u015fmektedir. Genel olarak, 1 katl\u0131 bir binan\u0131n karbon &#8230;<\/p>\n","protected":false},"author":1,"featured_media":1675,"comment_status":"closed","ping_status":"open","sticky":false,"template":"","format":"standard","meta":{"footnotes":""},"categories":[142],"tags":[171,41,11,12,30],"_links":{"self":[{"href":"https:\/\/kolon-guclendirme.com\/silivri\/wp-json\/wp\/v2\/posts\/1825"}],"collection":[{"href":"https:\/\/kolon-guclendirme.com\/silivri\/wp-json\/wp\/v2\/posts"}],"about":[{"href":"https:\/\/kolon-guclendirme.com\/silivri\/wp-json\/wp\/v2\/types\/post"}],"author":[{"embeddable":true,"href":"https:\/\/kolon-guclendirme.com\/silivri\/wp-json\/wp\/v2\/users\/1"}],"replies":[{"embeddable":true,"href":"https:\/\/kolon-guclendirme.com\/silivri\/wp-json\/wp\/v2\/comments?post=1825"}],"version-history":[{"count":1,"href":"https:\/\/kolon-guclendirme.com\/silivri\/wp-json\/wp\/v2\/posts\/1825\/revisions"}],"predecessor-version":[{"id":1826,"href":"https:\/\/kolon-guclendirme.com\/silivri\/wp-json\/wp\/v2\/posts\/1825\/revisions\/1826"}],"wp:featuredmedia":[{"embeddable":true,"href":"https:\/\/kolon-guclendirme.com\/silivri\/wp-json\/wp\/v2\/media\/1675"}],"wp:attachment":[{"href":"https:\/\/kolon-guclendirme.com\/silivri\/wp-json\/wp\/v2\/media?parent=1825"}],"wp:term":[{"taxonomy":"category","embeddable":true,"href":"https:\/\/kolon-guclendirme.com\/silivri\/wp-json\/wp\/v2\/categories?post=1825"},{"taxonomy":"post_tag","embeddable":true,"href":"https:\/\/kolon-guclendirme.com\/silivri\/wp-json\/wp\/v2\/tags?post=1825"}],"curies":[{"name":"wp","href":"https:\/\/api.w.org\/{rel}","templated":true}]}}