{"id":1820,"date":"2023-10-31T06:55:06","date_gmt":"2023-10-31T03:55:06","guid":{"rendered":"https:\/\/kolon-guclendirme.com\/silivri\/alipasa-karbon-fiber-guclendirme-m2-fiyati\/"},"modified":"2023-10-31T06:55:06","modified_gmt":"2023-10-31T03:55:06","slug":"alipasa-karbon-fiber-guclendirme-m2-fiyati","status":"publish","type":"post","link":"https:\/\/kolon-guclendirme.com\/silivri\/alipasa-karbon-fiber-guclendirme-m2-fiyati\/","title":{"rendered":"Alipa\u015fa karbon fiber g\u00fc\u00e7lendirme m2 fiyat\u0131"},"content":{"rendered":"<h1>Silivri Alipa\u015fa karbon fiber g\u00fc\u00e7lendirme m2 fiyat\u0131<\/h1>\n<p>Silivri&#8217;de Alipa\u015fa&#8217;da karbon fiber g\u00fc\u00e7lendirme i\u015flemi i\u00e7in m2 fiyatlar\u0131 olduk\u00e7a \u00e7ekici. Detaylar i\u00e7in blogumuza g\u00f6z at\u0131n!<div id='gallery-1' class='gallery galleryid-1820 gallery-columns-2 gallery-size-large'><figure class='gallery-item'>\n\t\t\t<div class='gallery-icon portrait'>\n\t\t\t\t<a href='https:\/\/kolon-guclendirme.com\/silivri\/wp-content\/uploads\/sites\/99\/2023\/09\/Silivri-Karbon-fiber-yapi-guclendirme-malzemesi-69984.webp'><img loading=\"lazy\" decoding=\"async\" width=\"853\" height=\"1200\" src=\"https:\/\/kolon-guclendirme.com\/silivri\/wp-content\/uploads\/sites\/99\/2023\/09\/Silivri-Karbon-fiber-yapi-guclendirme-malzemesi-69984.webp\" class=\"attachment-large size-large\" alt=\"Alipa\u015fa karbon fiber g\u00fc\u00e7lendirme m2 fiyat\u0131\" srcset=\"https:\/\/kolon-guclendirme.com\/silivri\/wp-content\/uploads\/sites\/99\/2023\/09\/Silivri-Karbon-fiber-yapi-guclendirme-malzemesi-69984.webp 853w, https:\/\/kolon-guclendirme.com\/silivri\/wp-content\/uploads\/sites\/99\/2023\/09\/Silivri-Karbon-fiber-yapi-guclendirme-malzemesi-69984-768x1080.webp 768w\" sizes=\"(max-width: 853px) 100vw, 853px\" \/><\/a>\n\t\t\t<\/div><\/figure><figure class='gallery-item'>\n\t\t\t<div class='gallery-icon portrait'>\n\t\t\t\t<a href='https:\/\/kolon-guclendirme.com\/silivri\/wp-content\/uploads\/sites\/99\/2023\/09\/Silivri-Carbon-lif-kiris-guclendirme-malzemesi-54273.webp'><img loading=\"lazy\" decoding=\"async\" width=\"853\" height=\"1200\" src=\"https:\/\/kolon-guclendirme.com\/silivri\/wp-content\/uploads\/sites\/99\/2023\/09\/Silivri-Carbon-lif-kiris-guclendirme-malzemesi-54273.webp\" class=\"attachment-large size-large\" alt=\"Alipa\u015fa karbon fiber g\u00fc\u00e7lendirme m2 fiyat\u0131\" srcset=\"https:\/\/kolon-guclendirme.com\/silivri\/wp-content\/uploads\/sites\/99\/2023\/09\/Silivri-Carbon-lif-kiris-guclendirme-malzemesi-54273.webp 853w, https:\/\/kolon-guclendirme.com\/silivri\/wp-content\/uploads\/sites\/99\/2023\/09\/Silivri-Carbon-lif-kiris-guclendirme-malzemesi-54273-768x1080.webp 768w\" sizes=\"(max-width: 853px) 100vw, 853px\" \/><\/a>\n\t\t\t<\/div><\/figure>\n\t\t<\/div>\n<\/p>\n","protected":false},"excerpt":{"rendered":"<p>Silivri Alipa\u015fa karbon fiber g\u00fc\u00e7lendirme m2 fiyat\u0131 Silivri&#8217;de Alipa\u015fa&#8217;da karbon fiber g\u00fc\u00e7lendirme i\u015flemi i\u00e7in m2 fiyatlar\u0131 olduk\u00e7a \u00e7ekici. Detaylar i\u00e7in blogumuza g\u00f6z at\u0131n!<\/p>\n","protected":false},"author":0,"featured_media":1565,"comment_status":"","ping_status":"open","sticky":false,"template":"","format":"standard","meta":{"footnotes":""},"categories":[168],"tags":[96,28,41,11,12],"_links":{"self":[{"href":"https:\/\/kolon-guclendirme.com\/silivri\/wp-json\/wp\/v2\/posts\/1820"}],"collection":[{"href":"https:\/\/kolon-guclendirme.com\/silivri\/wp-json\/wp\/v2\/posts"}],"about":[{"href":"https:\/\/kolon-guclendirme.com\/silivri\/wp-json\/wp\/v2\/types\/post"}],"replies":[{"embeddable":true,"href":"https:\/\/kolon-guclendirme.com\/silivri\/wp-json\/wp\/v2\/comments?post=1820"}],"version-history":[{"count":0,"href":"https:\/\/kolon-guclendirme.com\/silivri\/wp-json\/wp\/v2\/posts\/1820\/revisions"}],"wp:featuredmedia":[{"embeddable":true,"href":"https:\/\/kolon-guclendirme.com\/silivri\/wp-json\/wp\/v2\/media\/1565"}],"wp:attachment":[{"href":"https:\/\/kolon-guclendirme.com\/silivri\/wp-json\/wp\/v2\/media?parent=1820"}],"wp:term":[{"taxonomy":"category","embeddable":true,"href":"https:\/\/kolon-guclendirme.com\/silivri\/wp-json\/wp\/v2\/categories?post=1820"},{"taxonomy":"post_tag","embeddable":true,"href":"https:\/\/kolon-guclendirme.com\/silivri\/wp-json\/wp\/v2\/tags?post=1820"}],"curies":[{"name":"wp","href":"https:\/\/api.w.org\/{rel}","templated":true}]}}