{"id":1810,"date":"2023-10-19T06:55:06","date_gmt":"2023-10-19T03:55:06","guid":{"rendered":"https:\/\/kolon-guclendirme.com\/silivri\/mimarsinan-karbon-elyaf-teras-kaplama\/"},"modified":"2023-10-19T06:55:06","modified_gmt":"2023-10-19T03:55:06","slug":"mimarsinan-karbon-elyaf-teras-kaplama","status":"publish","type":"post","link":"https:\/\/kolon-guclendirme.com\/silivri\/mimarsinan-karbon-elyaf-teras-kaplama\/","title":{"rendered":"Mimarsinan Karbon elyaf teras kaplama"},"content":{"rendered":"<h1>Silivri Mimarsinan Karbon elyaf teras kaplama<\/h1>\n<p>Silivri il\u00e7esinin g\u00fczelliklerinden biri olan Mimarsinan, modern tasar\u0131mlarla bulu\u015fuyor. \u00d6zellikle karbon elyaf teras kaplamalar\u0131, Mimarsinan&#8217;\u0131n \u00e7at\u0131lar\u0131na \u015f\u0131kl\u0131k kat\u0131yor. Hafif ve dayan\u0131kl\u0131 yap\u0131s\u0131yla karbon elyaf, Mimarsinan evlerine estetik bir dokunu\u015f sunuyor. Dayan\u0131kl\u0131l\u0131\u011f\u0131yla mevsim ko\u015fullar\u0131na kar\u015f\u0131 diren\u00e7 g\u00f6steren bu kaplamalar, uzun \u00f6m\u00fcrl\u00fc ve bak\u0131m\u0131 kolay bir \u00e7\u00f6z\u00fcm sunuyor. Mimarsinan&#8217;\u0131n do\u011fal g\u00fczellikleriyle b\u00fct\u00fcnle\u015fen karbon elyaf teras kaplamalar\u0131, konforlu ve \u015f\u0131k bir ya\u015fam alan\u0131 yarat\u0131yor.<div id='gallery-1' class='gallery galleryid-1810 gallery-columns-2 gallery-size-large'><figure class='gallery-item'>\n\t\t\t<div class='gallery-icon portrait'>\n\t\t\t\t<a href='https:\/\/kolon-guclendirme.com\/silivri\/wp-content\/uploads\/sites\/99\/2023\/09\/Silivri-Karbon-lif-teras-guclendirme-firmasi-5437.webp'><img loading=\"lazy\" decoding=\"async\" width=\"853\" height=\"1200\" src=\"https:\/\/kolon-guclendirme.com\/silivri\/wp-content\/uploads\/sites\/99\/2023\/09\/Silivri-Karbon-lif-teras-guclendirme-firmasi-5437.webp\" class=\"attachment-large size-large\" alt=\"Mimarsinan Karbon elyaf teras kaplama\" srcset=\"https:\/\/kolon-guclendirme.com\/silivri\/wp-content\/uploads\/sites\/99\/2023\/09\/Silivri-Karbon-lif-teras-guclendirme-firmasi-5437.webp 853w, https:\/\/kolon-guclendirme.com\/silivri\/wp-content\/uploads\/sites\/99\/2023\/09\/Silivri-Karbon-lif-teras-guclendirme-firmasi-5437-768x1080.webp 768w\" sizes=\"(max-width: 853px) 100vw, 853px\" \/><\/a>\n\t\t\t<\/div><\/figure><figure class='gallery-item'>\n\t\t\t<div class='gallery-icon portrait'>\n\t\t\t\t<a href='https:\/\/kolon-guclendirme.com\/silivri\/wp-content\/uploads\/sites\/99\/2023\/09\/Silivri-Yapisal-stabilite-analizi-34780.webp'><img loading=\"lazy\" decoding=\"async\" width=\"853\" height=\"1200\" src=\"https:\/\/kolon-guclendirme.com\/silivri\/wp-content\/uploads\/sites\/99\/2023\/09\/Silivri-Yapisal-stabilite-analizi-34780.webp\" class=\"attachment-large size-large\" alt=\"Mimarsinan Karbon elyaf teras kaplama\" srcset=\"https:\/\/kolon-guclendirme.com\/silivri\/wp-content\/uploads\/sites\/99\/2023\/09\/Silivri-Yapisal-stabilite-analizi-34780.webp 853w, https:\/\/kolon-guclendirme.com\/silivri\/wp-content\/uploads\/sites\/99\/2023\/09\/Silivri-Yapisal-stabilite-analizi-34780-768x1080.webp 768w\" sizes=\"(max-width: 853px) 100vw, 853px\" \/><\/a>\n\t\t\t<\/div><\/figure>\n\t\t<\/div>\n<\/p>\n","protected":false},"excerpt":{"rendered":"<p>Silivri Mimarsinan Karbon elyaf teras kaplama Silivri il\u00e7esinin g\u00fczelliklerinden biri olan Mimarsinan, modern tasar\u0131mlarla bulu\u015fuyor. \u00d6zellikle karbon elyaf teras kaplamalar\u0131, Mimarsinan&#8217;\u0131n \u00e7at\u0131lar\u0131na \u015f\u0131kl\u0131k kat\u0131yor. Hafif ve dayan\u0131kl\u0131 yap\u0131s\u0131yla karbon elyaf, &#8230;<\/p>\n","protected":false},"author":0,"featured_media":1509,"comment_status":"","ping_status":"open","sticky":false,"template":"","format":"standard","meta":{"footnotes":""},"categories":[143],"tags":[31,12,98,10],"_links":{"self":[{"href":"https:\/\/kolon-guclendirme.com\/silivri\/wp-json\/wp\/v2\/posts\/1810"}],"collection":[{"href":"https:\/\/kolon-guclendirme.com\/silivri\/wp-json\/wp\/v2\/posts"}],"about":[{"href":"https:\/\/kolon-guclendirme.com\/silivri\/wp-json\/wp\/v2\/types\/post"}],"replies":[{"embeddable":true,"href":"https:\/\/kolon-guclendirme.com\/silivri\/wp-json\/wp\/v2\/comments?post=1810"}],"version-history":[{"count":0,"href":"https:\/\/kolon-guclendirme.com\/silivri\/wp-json\/wp\/v2\/posts\/1810\/revisions"}],"wp:featuredmedia":[{"embeddable":true,"href":"https:\/\/kolon-guclendirme.com\/silivri\/wp-json\/wp\/v2\/media\/1509"}],"wp:attachment":[{"href":"https:\/\/kolon-guclendirme.com\/silivri\/wp-json\/wp\/v2\/media?parent=1810"}],"wp:term":[{"taxonomy":"category","embeddable":true,"href":"https:\/\/kolon-guclendirme.com\/silivri\/wp-json\/wp\/v2\/categories?post=1810"},{"taxonomy":"post_tag","embeddable":true,"href":"https:\/\/kolon-guclendirme.com\/silivri\/wp-json\/wp\/v2\/tags?post=1810"}],"curies":[{"name":"wp","href":"https:\/\/api.w.org\/{rel}","templated":true}]}}