{"id":1806,"date":"2023-10-15T06:55:09","date_gmt":"2023-10-15T03:55:09","guid":{"rendered":"https:\/\/kolon-guclendirme.com\/silivri\/alibey-zemin-karbon-kece-kaplama-fiyatlari\/"},"modified":"2023-10-15T06:55:09","modified_gmt":"2023-10-15T03:55:09","slug":"alibey-zemin-karbon-kece-kaplama-fiyatlari","status":"publish","type":"post","link":"https:\/\/kolon-guclendirme.com\/silivri\/alibey-zemin-karbon-kece-kaplama-fiyatlari\/","title":{"rendered":"Alibey Zemin karbon ke\u00e7e kaplama fiyatlar\u0131"},"content":{"rendered":"<h1>Silivri Alibey Zemin karbon ke\u00e7e kaplama fiyatlar\u0131<\/h1>\n<p>**Ba\u015fl\u0131k: Alibey&#8217;in Zeminindeki \u015e\u0131kl\u0131k: Silivri&#8217;de Karbon Ke\u00e7e Kaplama Fiyatlar\u0131**<\/p>\n<p>Silivri il\u00e7esinin incisi Alibey, estetik ve dayan\u0131kl\u0131l\u0131\u011f\u0131 bir araya getiren zemin kaplamalar\u0131nda karbon ke\u00e7e ile tan\u0131\u015f\u0131yor. Alibey&#8217;in evlerine ve i\u015f yerlerine modern bir dokunu\u015f katmak isteyenler i\u00e7in karbon ke\u00e7e kaplama harika bir se\u00e7enek. Bu \u00f6zel kaplama, zeminde hem \u015f\u0131kl\u0131\u011f\u0131 hem de dayan\u0131kl\u0131l\u0131\u011f\u0131 arayanlar\u0131n ilk tercihi oluyor.<\/p>\n<p>Karbon ke\u00e7e, y\u00fcksek mukavemeti ve uzun \u00f6mr\u00fc ile bilinir. Alibey&#8217;deki mekanlar\u0131n\u0131za uyguland\u0131\u011f\u0131nda, zemini \u00e7izilmelere ve a\u015f\u0131nmalara kar\u015f\u0131 korurken, \u015f\u0131k bir g\u00f6r\u00fcn\u00fcm sa\u011flar. Ayr\u0131ca, karbon ke\u00e7e malzemesi ses yal\u0131t\u0131m\u0131 sa\u011flayarak, ortamda sessiz ve huzurlu bir atmosfer olu\u015fturur.<\/p>\n<p>Silivri&#8217;de karbon ke\u00e7e kaplama fiyatlar\u0131, Alibey&#8217;in ihtiya\u00e7lar\u0131na uygun \u00e7e\u015fitlilik g\u00f6sterir. Metrekare ba\u015f\u0131na d\u00fc\u015fen maliyet, se\u00e7ilen kalite, renk ve uygulama alan\u0131na g\u00f6re de\u011fi\u015febilir. Ancak, Alibey sakinleri i\u00e7in genel olarak uygun fiyatlarla sunulan bu kaplama se\u00e7ene\u011fi, uzun vadeli bir yat\u0131r\u0131m\u0131n kap\u0131lar\u0131n\u0131 aralar.<\/p>\n<p>Alibey&#8217;in modern ve \u015f\u0131k atmosferi i\u00e7in karbon ke\u00e7e kaplama, dayan\u0131kl\u0131l\u0131\u011f\u0131yla \u00f6ne \u00e7\u0131karken, estetik a\u00e7\u0131dan da g\u00f6z kama\u015ft\u0131r\u0131c\u0131 bir etki b\u0131rak\u0131yor. Zemininize zarif bir dokunu\u015f katmak ve uzun \u00f6m\u00fcrl\u00fc bir \u00e7\u00f6z\u00fcm elde etmek istiyorsan\u0131z, Silivri&#8217;deki karbon ke\u00e7e kaplama fiyatlar\u0131na g\u00f6z atmal\u0131s\u0131n\u0131z. Bu benzersiz kaplama se\u00e7ene\u011fi, Alibey&#8217;in ev ve i\u015f yerlerine modern bir dokunu\u015f sunuyor.<div id='gallery-1' class='gallery galleryid-1806 gallery-columns-2 gallery-size-large'><figure class='gallery-item'>\n\t\t\t<div class='gallery-icon portrait'>\n\t\t\t\t<a href='https:\/\/kolon-guclendirme.com\/silivri\/wp-content\/uploads\/sites\/99\/2023\/09\/Silivri-Kolon-hasar-tespiti-icin-manyetik-parcacik-testi-35869.webp'><img loading=\"lazy\" decoding=\"async\" width=\"853\" height=\"1200\" src=\"https:\/\/kolon-guclendirme.com\/silivri\/wp-content\/uploads\/sites\/99\/2023\/09\/Silivri-Kolon-hasar-tespiti-icin-manyetik-parcacik-testi-35869.webp\" class=\"attachment-large size-large\" alt=\"Alibey Zemin karbon ke\u00e7e kaplama fiyatlar\u0131\" srcset=\"https:\/\/kolon-guclendirme.com\/silivri\/wp-content\/uploads\/sites\/99\/2023\/09\/Silivri-Kolon-hasar-tespiti-icin-manyetik-parcacik-testi-35869.webp 853w, https:\/\/kolon-guclendirme.com\/silivri\/wp-content\/uploads\/sites\/99\/2023\/09\/Silivri-Kolon-hasar-tespiti-icin-manyetik-parcacik-testi-35869-768x1080.webp 768w\" sizes=\"(max-width: 853px) 100vw, 853px\" \/><\/a>\n\t\t\t<\/div><\/figure><figure class='gallery-item'>\n\t\t\t<div class='gallery-icon portrait'>\n\t\t\t\t<a href='https:\/\/kolon-guclendirme.com\/silivri\/wp-content\/uploads\/sites\/99\/2023\/09\/Silivri-Bina-karbon-lif-guclendirme-fiyatlari-63001.webp'><img loading=\"lazy\" decoding=\"async\" width=\"853\" height=\"1200\" src=\"https:\/\/kolon-guclendirme.com\/silivri\/wp-content\/uploads\/sites\/99\/2023\/09\/Silivri-Bina-karbon-lif-guclendirme-fiyatlari-63001.webp\" class=\"attachment-large size-large\" alt=\"De\u011firmenk\u00f6y Fevzipa\u015fa Kiri\u015f karbon elyaf kaplama firmalar\u0131\" srcset=\"https:\/\/kolon-guclendirme.com\/silivri\/wp-content\/uploads\/sites\/99\/2023\/09\/Silivri-Bina-karbon-lif-guclendirme-fiyatlari-63001.webp 853w, https:\/\/kolon-guclendirme.com\/silivri\/wp-content\/uploads\/sites\/99\/2023\/09\/Silivri-Bina-karbon-lif-guclendirme-fiyatlari-63001-768x1080.webp 768w\" sizes=\"(max-width: 853px) 100vw, 853px\" \/><\/a>\n\t\t\t<\/div><\/figure>\n\t\t<\/div>\n<\/p>\n","protected":false},"excerpt":{"rendered":"<p>Silivri Alibey Zemin karbon ke\u00e7e kaplama fiyatlar\u0131 **Ba\u015fl\u0131k: Alibey&#8217;in Zeminindeki \u015e\u0131kl\u0131k: Silivri&#8217;de Karbon Ke\u00e7e Kaplama Fiyatlar\u0131** Silivri il\u00e7esinin incisi Alibey, estetik ve dayan\u0131kl\u0131l\u0131\u011f\u0131 bir araya getiren zemin kaplamalar\u0131nda karbon ke\u00e7e &#8230;<\/p>\n","protected":false},"author":0,"featured_media":1542,"comment_status":"","ping_status":"open","sticky":false,"template":"","format":"standard","meta":{"footnotes":""},"categories":[149],"tags":[150,151,17,12,38],"_links":{"self":[{"href":"https:\/\/kolon-guclendirme.com\/silivri\/wp-json\/wp\/v2\/posts\/1806"}],"collection":[{"href":"https:\/\/kolon-guclendirme.com\/silivri\/wp-json\/wp\/v2\/posts"}],"about":[{"href":"https:\/\/kolon-guclendirme.com\/silivri\/wp-json\/wp\/v2\/types\/post"}],"replies":[{"embeddable":true,"href":"https:\/\/kolon-guclendirme.com\/silivri\/wp-json\/wp\/v2\/comments?post=1806"}],"version-history":[{"count":0,"href":"https:\/\/kolon-guclendirme.com\/silivri\/wp-json\/wp\/v2\/posts\/1806\/revisions"}],"wp:featuredmedia":[{"embeddable":true,"href":"https:\/\/kolon-guclendirme.com\/silivri\/wp-json\/wp\/v2\/media\/1542"}],"wp:attachment":[{"href":"https:\/\/kolon-guclendirme.com\/silivri\/wp-json\/wp\/v2\/media?parent=1806"}],"wp:term":[{"taxonomy":"category","embeddable":true,"href":"https:\/\/kolon-guclendirme.com\/silivri\/wp-json\/wp\/v2\/categories?post=1806"},{"taxonomy":"post_tag","embeddable":true,"href":"https:\/\/kolon-guclendirme.com\/silivri\/wp-json\/wp\/v2\/tags?post=1806"}],"curies":[{"name":"wp","href":"https:\/\/api.w.org\/{rel}","templated":true}]}}