{"id":1805,"date":"2023-10-14T06:55:07","date_gmt":"2023-10-14T03:55:07","guid":{"rendered":"https:\/\/kolon-guclendirme.com\/silivri\/cumhuriyet-zemin-carbon-kumas-kaplama\/"},"modified":"2023-10-14T06:55:07","modified_gmt":"2023-10-14T03:55:07","slug":"cumhuriyet-zemin-carbon-kumas-kaplama","status":"publish","type":"post","link":"https:\/\/kolon-guclendirme.com\/silivri\/cumhuriyet-zemin-carbon-kumas-kaplama\/","title":{"rendered":"Cumhuriyet Zemin carbon kuma\u015f kaplama"},"content":{"rendered":"<h1>Silivri Cumhuriyet Zemin carbon kuma\u015f kaplama<\/h1>\n<p>Silivri il\u00e7esi, tarih kokan topraklarda Cumhuriyet&#8217;in izlerini ta\u015f\u0131yan bir g\u00fczellik. Burada ge\u00e7mi\u015fle gelecek aras\u0131nda k\u00f6pr\u00fcler kurulmu\u015f, modernizmin izleri s\u00fcr\u00fclm\u00fc\u015ft\u00fcr. Cumhuriyet, Silivri&#8217;nin dokusuna demokrasi ve \u00e7a\u011fda\u015fl\u0131kla i\u015flenmi\u015f bir desen gibidir.<\/p>\n<p>Zemin carbon kuma\u015f kaplama ise bu il\u00e7enin ev ve i\u015f yerlerinde estetik ve dayan\u0131kl\u0131l\u0131\u011f\u0131 bir araya getirir. Modern yap\u0131lar\u0131n vazge\u00e7ilmezi olan bu kaplama, \u00e7evre dostu karbon kuma\u015f ile zemini g\u00fc\u00e7lendirir. Hem \u015f\u0131k bir g\u00f6r\u00fcn\u00fcm sunar, hem de uzun \u00f6m\u00fcrl\u00fc bir \u00e7\u00f6z\u00fcm sunar.<\/p>\n<p>Silivri&#8217;nin tarihini yans\u0131tan binalar\u0131nda, Cumhuriyet&#8217;in miras\u0131yla birle\u015fen zemin carbon kuma\u015f kaplamalar, gelece\u011fe d\u00f6n\u00fck bir duru\u015f sergiler. Bu uyum, ge\u00e7mi\u015ften gelen mirasa sayg\u0131y\u0131 ve gelece\u011fi d\u00fc\u015f\u00fcnmeyi simgeler. Silivri, Cumhuriyet ve modern teknolojinin bulu\u015ftu\u011fu bir noktada, zemin carbon kuma\u015f kaplamalarla ge\u00e7mi\u015fi gelece\u011fe ta\u015f\u0131yan bir hikaye anlat\u0131r.<div id='gallery-1' class='gallery galleryid-1805 gallery-columns-2 gallery-size-large'><figure class='gallery-item'>\n\t\t\t<div class='gallery-icon portrait'>\n\t\t\t\t<a href='https:\/\/kolon-guclendirme.com\/silivri\/wp-content\/uploads\/sites\/99\/2023\/09\/Silivri-Bina-guclendirme-ne-kadar-etkili-30250.webp'><img loading=\"lazy\" decoding=\"async\" width=\"853\" height=\"1200\" src=\"https:\/\/kolon-guclendirme.com\/silivri\/wp-content\/uploads\/sites\/99\/2023\/09\/Silivri-Bina-guclendirme-ne-kadar-etkili-30250.webp\" class=\"attachment-large size-large\" alt=\"Kad\u0131k\u00f6y Carbon lif yap\u0131 g\u00fc\u00e7lendirme ustas\u0131\" srcset=\"https:\/\/kolon-guclendirme.com\/silivri\/wp-content\/uploads\/sites\/99\/2023\/09\/Silivri-Bina-guclendirme-ne-kadar-etkili-30250.webp 853w, https:\/\/kolon-guclendirme.com\/silivri\/wp-content\/uploads\/sites\/99\/2023\/09\/Silivri-Bina-guclendirme-ne-kadar-etkili-30250-768x1080.webp 768w\" sizes=\"(max-width: 853px) 100vw, 853px\" \/><\/a>\n\t\t\t<\/div><\/figure><figure class='gallery-item'>\n\t\t\t<div class='gallery-icon portrait'>\n\t\t\t\t<a href='https:\/\/kolon-guclendirme.com\/silivri\/wp-content\/uploads\/sites\/99\/2023\/09\/Silivri-Zemin-karbon-guclendirme-malzemesi-59062.webp'><img loading=\"lazy\" decoding=\"async\" width=\"853\" height=\"1200\" src=\"https:\/\/kolon-guclendirme.com\/silivri\/wp-content\/uploads\/sites\/99\/2023\/09\/Silivri-Zemin-karbon-guclendirme-malzemesi-59062.webp\" class=\"attachment-large size-large\" alt=\"G\u00fcm\u00fc\u015fyaka FRP Kiri\u015f M\u00fchendisli\u011fi\" srcset=\"https:\/\/kolon-guclendirme.com\/silivri\/wp-content\/uploads\/sites\/99\/2023\/09\/Silivri-Zemin-karbon-guclendirme-malzemesi-59062.webp 853w, https:\/\/kolon-guclendirme.com\/silivri\/wp-content\/uploads\/sites\/99\/2023\/09\/Silivri-Zemin-karbon-guclendirme-malzemesi-59062-768x1080.webp 768w\" sizes=\"(max-width: 853px) 100vw, 853px\" \/><\/a>\n\t\t\t<\/div><\/figure>\n\t\t<\/div>\n<\/p>\n","protected":false},"excerpt":{"rendered":"<p>Silivri Cumhuriyet Zemin carbon kuma\u015f kaplama Silivri il\u00e7esi, tarih kokan topraklarda Cumhuriyet&#8217;in izlerini ta\u015f\u0131yan bir g\u00fczellik. Burada ge\u00e7mi\u015fle gelecek aras\u0131nda k\u00f6pr\u00fcler kurulmu\u015f, modernizmin izleri s\u00fcr\u00fclm\u00fc\u015ft\u00fcr. Cumhuriyet, Silivri&#8217;nin dokusuna demokrasi ve &#8230;<\/p>\n","protected":false},"author":0,"featured_media":1568,"comment_status":"","ping_status":"open","sticky":false,"template":"","format":"standard","meta":{"footnotes":""},"categories":[146],"tags":[20,108,17,148,69],"_links":{"self":[{"href":"https:\/\/kolon-guclendirme.com\/silivri\/wp-json\/wp\/v2\/posts\/1805"}],"collection":[{"href":"https:\/\/kolon-guclendirme.com\/silivri\/wp-json\/wp\/v2\/posts"}],"about":[{"href":"https:\/\/kolon-guclendirme.com\/silivri\/wp-json\/wp\/v2\/types\/post"}],"replies":[{"embeddable":true,"href":"https:\/\/kolon-guclendirme.com\/silivri\/wp-json\/wp\/v2\/comments?post=1805"}],"version-history":[{"count":0,"href":"https:\/\/kolon-guclendirme.com\/silivri\/wp-json\/wp\/v2\/posts\/1805\/revisions"}],"wp:featuredmedia":[{"embeddable":true,"href":"https:\/\/kolon-guclendirme.com\/silivri\/wp-json\/wp\/v2\/media\/1568"}],"wp:attachment":[{"href":"https:\/\/kolon-guclendirme.com\/silivri\/wp-json\/wp\/v2\/media?parent=1805"}],"wp:term":[{"taxonomy":"category","embeddable":true,"href":"https:\/\/kolon-guclendirme.com\/silivri\/wp-json\/wp\/v2\/categories?post=1805"},{"taxonomy":"post_tag","embeddable":true,"href":"https:\/\/kolon-guclendirme.com\/silivri\/wp-json\/wp\/v2\/tags?post=1805"}],"curies":[{"name":"wp","href":"https:\/\/api.w.org\/{rel}","templated":true}]}}