{"id":1803,"date":"2023-10-12T06:55:08","date_gmt":"2023-10-12T03:55:08","guid":{"rendered":"https:\/\/kolon-guclendirme.com\/silivri\/cumhuriyet-karbon-kece-kiris-guclendirme\/"},"modified":"2023-10-12T06:55:08","modified_gmt":"2023-10-12T03:55:08","slug":"cumhuriyet-karbon-kece-kiris-guclendirme","status":"publish","type":"post","link":"https:\/\/kolon-guclendirme.com\/silivri\/cumhuriyet-karbon-kece-kiris-guclendirme\/","title":{"rendered":"Cumhuriyet Karbon ke\u00e7e kiri\u015f g\u00fc\u00e7lendirme"},"content":{"rendered":"<h1>Silivri Cumhuriyet Karbon ke\u00e7e kiri\u015f g\u00fc\u00e7lendirme<\/h1>\n<p>Silivri il\u00e7esi, T\u00fcrkiye&#8217;nin tarih\u00ee zenginliklerini b\u00fcnyesinde bar\u0131nd\u0131ran bir yerdir. Cumhuriyet d\u00f6neminde, il\u00e7e modernle\u015fme s\u00fcrecine uyum sa\u011flayarak \u00f6nemli geli\u015fmeler ya\u015fam\u0131\u015ft\u0131r. Ancak, bu geli\u015fmelerin yan\u0131nda tarih\u00ee dokusunu korumaya da \u00f6zen g\u00f6stermi\u015ftir. Silivri, k\u00fclt\u00fcrel miras\u0131yla gelece\u011fi bulu\u015fturan bir noktad\u0131r.<\/p>\n<p>Karbon ke\u00e7e kiri\u015f g\u00fc\u00e7lendirmesi, in\u015faat sekt\u00f6r\u00fcnde yap\u0131lar\u0131n dayan\u0131kl\u0131l\u0131\u011f\u0131n\u0131 art\u0131rmak i\u00e7in kullan\u0131lan bir y\u00f6ntemdir. Bu g\u00fc\u00e7lendirme, karbon fiberin sa\u011flad\u0131\u011f\u0131 y\u00fcksek mukavemet ve hafiflik avantajlar\u0131yla \u00f6ne \u00e7\u0131kar. Silivri&#8217;de, bu modern teknolojiyle tarihi binalar\u0131n korunmas\u0131 ve gelecek nesillere aktar\u0131lmas\u0131 sa\u011flanabilir. Yap\u0131sal g\u00fc\u00e7lendirme, ge\u00e7mi\u015fi korurken gelece\u011fe de g\u00fcvenli bir ad\u0131m atmam\u0131z\u0131 sa\u011flar.<\/p>\n<p>Bu uyum, Silivri il\u00e7esini Cumhuriyet&#8217;in izinde modern teknolojiyle bulu\u015ftururken, tarihi miras\u0131 da koruma misyonunu s\u00fcrd\u00fcrmesini sa\u011flar.<div id='gallery-1' class='gallery galleryid-1803 gallery-columns-2 gallery-size-large'><figure class='gallery-item'>\n\t\t\t<div class='gallery-icon portrait'>\n\t\t\t\t<a href='https:\/\/kolon-guclendirme.com\/silivri\/wp-content\/uploads\/sites\/99\/2023\/09\/Silivri-Kolon-carbon-kece-guclendirme-4225.webp'><img loading=\"lazy\" decoding=\"async\" width=\"853\" height=\"1200\" src=\"https:\/\/kolon-guclendirme.com\/silivri\/wp-content\/uploads\/sites\/99\/2023\/09\/Silivri-Kolon-carbon-kece-guclendirme-4225.webp\" class=\"attachment-large size-large\" alt=\"Cumhuriyet Karbon ke\u00e7e kiri\u015f g\u00fc\u00e7lendirme\" srcset=\"https:\/\/kolon-guclendirme.com\/silivri\/wp-content\/uploads\/sites\/99\/2023\/09\/Silivri-Kolon-carbon-kece-guclendirme-4225.webp 853w, https:\/\/kolon-guclendirme.com\/silivri\/wp-content\/uploads\/sites\/99\/2023\/09\/Silivri-Kolon-carbon-kece-guclendirme-4225-768x1080.webp 768w\" sizes=\"(max-width: 853px) 100vw, 853px\" \/><\/a>\n\t\t\t<\/div><\/figure><figure class='gallery-item'>\n\t\t\t<div class='gallery-icon portrait'>\n\t\t\t\t<a href='https:\/\/kolon-guclendirme.com\/silivri\/wp-content\/uploads\/sites\/99\/2023\/09\/Silivri-Frp-kolon-guclendirme-26951.webp'><img loading=\"lazy\" decoding=\"async\" width=\"853\" height=\"1200\" src=\"https:\/\/kolon-guclendirme.com\/silivri\/wp-content\/uploads\/sites\/99\/2023\/09\/Silivri-Frp-kolon-guclendirme-26951.webp\" class=\"attachment-large size-large\" alt=\"Yol\u00e7at\u0131 1 katl\u0131 yap\u0131 karbon g\u00fc\u00e7lendirme firmas\u0131\" srcset=\"https:\/\/kolon-guclendirme.com\/silivri\/wp-content\/uploads\/sites\/99\/2023\/09\/Silivri-Frp-kolon-guclendirme-26951.webp 853w, https:\/\/kolon-guclendirme.com\/silivri\/wp-content\/uploads\/sites\/99\/2023\/09\/Silivri-Frp-kolon-guclendirme-26951-768x1080.webp 768w\" sizes=\"(max-width: 853px) 100vw, 853px\" \/><\/a>\n\t\t\t<\/div><\/figure>\n\t\t<\/div>\n<\/p>\n","protected":false},"excerpt":{"rendered":"<p>Silivri Cumhuriyet Karbon ke\u00e7e kiri\u015f g\u00fc\u00e7lendirme Silivri il\u00e7esi, T\u00fcrkiye&#8217;nin tarih\u00ee zenginliklerini b\u00fcnyesinde bar\u0131nd\u0131ran bir yerdir. Cumhuriyet d\u00f6neminde, il\u00e7e modernle\u015fme s\u00fcrecine uyum sa\u011flayarak \u00f6nemli geli\u015fmeler ya\u015fam\u0131\u015ft\u0131r. Ancak, bu geli\u015fmelerin yan\u0131nda tarih\u00ee &#8230;<\/p>\n","protected":false},"author":0,"featured_media":1475,"comment_status":"","ping_status":"open","sticky":false,"template":"","format":"standard","meta":{"footnotes":""},"categories":[146],"tags":[108,11,12,38,23],"_links":{"self":[{"href":"https:\/\/kolon-guclendirme.com\/silivri\/wp-json\/wp\/v2\/posts\/1803"}],"collection":[{"href":"https:\/\/kolon-guclendirme.com\/silivri\/wp-json\/wp\/v2\/posts"}],"about":[{"href":"https:\/\/kolon-guclendirme.com\/silivri\/wp-json\/wp\/v2\/types\/post"}],"replies":[{"embeddable":true,"href":"https:\/\/kolon-guclendirme.com\/silivri\/wp-json\/wp\/v2\/comments?post=1803"}],"version-history":[{"count":0,"href":"https:\/\/kolon-guclendirme.com\/silivri\/wp-json\/wp\/v2\/posts\/1803\/revisions"}],"wp:featuredmedia":[{"embeddable":true,"href":"https:\/\/kolon-guclendirme.com\/silivri\/wp-json\/wp\/v2\/media\/1475"}],"wp:attachment":[{"href":"https:\/\/kolon-guclendirme.com\/silivri\/wp-json\/wp\/v2\/media?parent=1803"}],"wp:term":[{"taxonomy":"category","embeddable":true,"href":"https:\/\/kolon-guclendirme.com\/silivri\/wp-json\/wp\/v2\/categories?post=1803"},{"taxonomy":"post_tag","embeddable":true,"href":"https:\/\/kolon-guclendirme.com\/silivri\/wp-json\/wp\/v2\/tags?post=1803"}],"curies":[{"name":"wp","href":"https:\/\/api.w.org\/{rel}","templated":true}]}}