{"id":1802,"date":"2023-10-11T06:55:07","date_gmt":"2023-10-11T03:55:07","guid":{"rendered":"https:\/\/kolon-guclendirme.com\/silivri\/fatih-teras-frp-fiber-guclendirme-yapanlar\/"},"modified":"2023-10-11T06:55:07","modified_gmt":"2023-10-11T03:55:07","slug":"fatih-teras-frp-fiber-guclendirme-yapanlar","status":"publish","type":"post","link":"https:\/\/kolon-guclendirme.com\/silivri\/fatih-teras-frp-fiber-guclendirme-yapanlar\/","title":{"rendered":"Fatih Teras frp fiber g\u00fc\u00e7lendirme yapanlar"},"content":{"rendered":"<h1>Silivri Fatih Teras frp fiber g\u00fc\u00e7lendirme yapanlar<\/h1>\n<p>Silivri il\u00e7esi, tarih ve k\u00fclt\u00fcr zenginlikleriyle bilinirken, Fatih b\u00f6lgesi ise \u0130stanbul&#8217;un tarihi dokusunu yans\u0131tan bir semttir. Bu iki \u00f6nemli b\u00f6lgenin birle\u015fim noktas\u0131nda, teras FRP fiber g\u00fc\u00e7lendirme uzmanlar\u0131, yap\u0131lar\u0131n dayan\u0131kl\u0131l\u0131\u011f\u0131n\u0131 art\u0131rarak b\u00f6lgeye de\u011fer kat\u0131yor. \u0130n\u015faat sekt\u00f6r\u00fcndeki bu uzmanlar, modern teknolojiyi kullanarak teraslar\u0131n mukavemetini ve uzun \u00f6m\u00fcrl\u00fcl\u00fc\u011f\u00fcn\u00fc sa\u011fl\u0131yor. Hem Silivri&#8217;nin tarihine sayg\u0131 g\u00f6stererek hem de gelece\u011fe g\u00fcvenle bakarak, bu uzmanlar, yap\u0131lar\u0131 g\u00fc\u00e7lendirmenin yan\u0131 s\u0131ra estetik a\u00e7\u0131dan da de\u011fer kat\u0131yor. Silivri ve Fatih&#8217;i birle\u015ftiren bu fiber g\u00fc\u00e7lendirme \u00e7\u00f6z\u00fcmleri, b\u00f6lgenin mimari miras\u0131n\u0131 korurken gelecek nesillere g\u00fcvenli ve dayan\u0131kl\u0131 bir \u00e7evre b\u0131rakmay\u0131 ama\u00e7l\u0131yor.<div id='gallery-1' class='gallery galleryid-1802 gallery-columns-2 gallery-size-large'><figure class='gallery-item'>\n\t\t\t<div class='gallery-icon portrait'>\n\t\t\t\t<a href='https:\/\/kolon-guclendirme.com\/silivri\/wp-content\/uploads\/sites\/99\/2023\/09\/Silivri-Zemin-karbon-guclendirme-malzemesi-59062.webp'><img loading=\"lazy\" decoding=\"async\" width=\"853\" height=\"1200\" src=\"https:\/\/kolon-guclendirme.com\/silivri\/wp-content\/uploads\/sites\/99\/2023\/09\/Silivri-Zemin-karbon-guclendirme-malzemesi-59062.webp\" class=\"attachment-large size-large\" alt=\"G\u00fcm\u00fc\u015fyaka FRP Kiri\u015f M\u00fchendisli\u011fi\" srcset=\"https:\/\/kolon-guclendirme.com\/silivri\/wp-content\/uploads\/sites\/99\/2023\/09\/Silivri-Zemin-karbon-guclendirme-malzemesi-59062.webp 853w, https:\/\/kolon-guclendirme.com\/silivri\/wp-content\/uploads\/sites\/99\/2023\/09\/Silivri-Zemin-karbon-guclendirme-malzemesi-59062-768x1080.webp 768w\" sizes=\"(max-width: 853px) 100vw, 853px\" \/><\/a>\n\t\t\t<\/div><\/figure><figure class='gallery-item'>\n\t\t\t<div class='gallery-icon portrait'>\n\t\t\t\t<a href='https:\/\/kolon-guclendirme.com\/silivri\/wp-content\/uploads\/sites\/99\/2023\/09\/Silivri-Karbon-fiber-omru-ne-kadardir-70112.webp'><img loading=\"lazy\" decoding=\"async\" width=\"853\" height=\"1200\" src=\"https:\/\/kolon-guclendirme.com\/silivri\/wp-content\/uploads\/sites\/99\/2023\/09\/Silivri-Karbon-fiber-omru-ne-kadardir-70112.webp\" class=\"attachment-large size-large\" alt=\"Fatih Teras frp fiber g\u00fc\u00e7lendirme yapanlar\" srcset=\"https:\/\/kolon-guclendirme.com\/silivri\/wp-content\/uploads\/sites\/99\/2023\/09\/Silivri-Karbon-fiber-omru-ne-kadardir-70112.webp 853w, https:\/\/kolon-guclendirme.com\/silivri\/wp-content\/uploads\/sites\/99\/2023\/09\/Silivri-Karbon-fiber-omru-ne-kadardir-70112-768x1080.webp 768w\" sizes=\"(max-width: 853px) 100vw, 853px\" \/><\/a>\n\t\t\t<\/div><\/figure>\n\t\t<\/div>\n<\/p>\n","protected":false},"excerpt":{"rendered":"<p>Silivri Fatih Teras frp fiber g\u00fc\u00e7lendirme yapanlar Silivri il\u00e7esi, tarih ve k\u00fclt\u00fcr zenginlikleriyle bilinirken, Fatih b\u00f6lgesi ise \u0130stanbul&#8217;un tarihi dokusunu yans\u0131tan bir semttir. Bu iki \u00f6nemli b\u00f6lgenin birle\u015fim noktas\u0131nda, teras &#8230;<\/p>\n","protected":false},"author":0,"featured_media":1624,"comment_status":"","ping_status":"open","sticky":false,"template":"","format":"standard","meta":{"footnotes":""},"categories":[144],"tags":[145,97,28,11,10],"_links":{"self":[{"href":"https:\/\/kolon-guclendirme.com\/silivri\/wp-json\/wp\/v2\/posts\/1802"}],"collection":[{"href":"https:\/\/kolon-guclendirme.com\/silivri\/wp-json\/wp\/v2\/posts"}],"about":[{"href":"https:\/\/kolon-guclendirme.com\/silivri\/wp-json\/wp\/v2\/types\/post"}],"replies":[{"embeddable":true,"href":"https:\/\/kolon-guclendirme.com\/silivri\/wp-json\/wp\/v2\/comments?post=1802"}],"version-history":[{"count":0,"href":"https:\/\/kolon-guclendirme.com\/silivri\/wp-json\/wp\/v2\/posts\/1802\/revisions"}],"wp:featuredmedia":[{"embeddable":true,"href":"https:\/\/kolon-guclendirme.com\/silivri\/wp-json\/wp\/v2\/media\/1624"}],"wp:attachment":[{"href":"https:\/\/kolon-guclendirme.com\/silivri\/wp-json\/wp\/v2\/media?parent=1802"}],"wp:term":[{"taxonomy":"category","embeddable":true,"href":"https:\/\/kolon-guclendirme.com\/silivri\/wp-json\/wp\/v2\/categories?post=1802"},{"taxonomy":"post_tag","embeddable":true,"href":"https:\/\/kolon-guclendirme.com\/silivri\/wp-json\/wp\/v2\/tags?post=1802"}],"curies":[{"name":"wp","href":"https:\/\/api.w.org\/{rel}","templated":true}]}}