{"id":1779,"date":"2023-10-03T06:55:09","date_gmt":"2023-10-03T03:55:09","guid":{"rendered":"https:\/\/kolon-guclendirme.com\/silivri\/gazitepe-zemin-karbon-kece-guclendirme-fiyati\/"},"modified":"2023-10-03T06:55:09","modified_gmt":"2023-10-03T03:55:09","slug":"gazitepe-zemin-karbon-kece-guclendirme-fiyati","status":"publish","type":"post","link":"https:\/\/kolon-guclendirme.com\/silivri\/gazitepe-zemin-karbon-kece-guclendirme-fiyati\/","title":{"rendered":"Gazitepe Zemin karbon ke\u00e7e g\u00fc\u00e7lendirme fiyat\u0131"},"content":{"rendered":"<h1>Silivri Gazitepe Zemin karbon ke\u00e7e g\u00fc\u00e7lendirme fiyat\u0131<\/h1>\n<p>&#8220;Gazitepe&#8217;de Zemin Karbon Ke\u00e7e G\u00fc\u00e7lendirmesi: Silivri&#8217;nin Y\u00fckselen De\u011ferleri&#8221;<\/p>\n<p>Silivri il\u00e7esinin incisi Gazitepe, yap\u0131 sekt\u00f6r\u00fcnde \u00f6nemli bir potansiyele sahip. Zemin karbon ke\u00e7e g\u00fc\u00e7lendirmesi, binalar\u0131n dayan\u0131kl\u0131l\u0131\u011f\u0131n\u0131 art\u0131rmak ve depreme kar\u015f\u0131 direncini g\u00fc\u00e7lendirmek ad\u0131na etkili bir \u00e7\u00f6z\u00fcmd\u00fcr. Bu y\u00f6ntem, m\u00fchendislik alan\u0131nda sa\u011flam bir temel olu\u015fturarak yap\u0131lar\u0131n \u00f6mr\u00fcn\u00fc uzat\u0131r.<\/p>\n<p>Zemin karbon ke\u00e7e g\u00fc\u00e7lendirmesi fiyatlar\u0131, projenin b\u00fcy\u00fckl\u00fc\u011f\u00fc, kullan\u0131lan malzeme ve uzmanl\u0131k d\u00fczeyine ba\u011fl\u0131 olarak de\u011fi\u015fiklik g\u00f6sterir. Gazitepe&#8217;de bu hizmeti sa\u011flayan firmalar aras\u0131nda rekabetin artmas\u0131yla birlikte, uygun maliyetli ve kaliteli \u00e7\u00f6z\u00fcmler bulmak m\u00fcmk\u00fcn hale gelmi\u015ftir.<\/p>\n<p>Gazitepe&#8217;nin do\u011fal g\u00fczellikleri ve geli\u015fen yap\u0131 sekt\u00f6r\u00fc, b\u00f6lgenin cazibesini art\u0131r\u0131yor. Zemin karbon ke\u00e7e g\u00fc\u00e7lendirmesi, bu b\u00fcy\u00fcme s\u00fcrecinde altyap\u0131y\u0131 g\u00fc\u00e7lendirmek ad\u0131na \u00f6nemli bir ad\u0131md\u0131r. Projelerinizi hayata ge\u00e7irirken uzman dan\u0131\u015fmanl\u0131k almak ve do\u011fru fiyatland\u0131rmay\u0131 de\u011ferlendirmek, sa\u011flam bir yap\u0131 i\u00e7in kritik \u00f6neme sahiptir.<div id='gallery-1' class='gallery galleryid-1779 gallery-columns-2 gallery-size-large'><figure class='gallery-item'>\n\t\t\t<div class='gallery-icon portrait'>\n\t\t\t\t<a href='https:\/\/kolon-guclendirme.com\/silivri\/wp-content\/uploads\/sites\/99\/2023\/09\/Silivri-karbon-fiber-guclendirme-hesabi-44889.webp'><img loading=\"lazy\" decoding=\"async\" width=\"853\" height=\"1200\" src=\"https:\/\/kolon-guclendirme.com\/silivri\/wp-content\/uploads\/sites\/99\/2023\/09\/Silivri-karbon-fiber-guclendirme-hesabi-44889.webp\" class=\"attachment-large size-large\" alt=\"De\u011firmenk\u00f6y Fevzipa\u015fa Kiri\u015f karbon elyaf kaplama firmalar\u0131\" srcset=\"https:\/\/kolon-guclendirme.com\/silivri\/wp-content\/uploads\/sites\/99\/2023\/09\/Silivri-karbon-fiber-guclendirme-hesabi-44889.webp 853w, https:\/\/kolon-guclendirme.com\/silivri\/wp-content\/uploads\/sites\/99\/2023\/09\/Silivri-karbon-fiber-guclendirme-hesabi-44889-768x1080.webp 768w\" sizes=\"(max-width: 853px) 100vw, 853px\" \/><\/a>\n\t\t\t<\/div><\/figure><figure class='gallery-item'>\n\t\t\t<div class='gallery-icon portrait'>\n\t\t\t\t<a href='https:\/\/kolon-guclendirme.com\/silivri\/wp-content\/uploads\/sites\/99\/2023\/09\/Silivri-Bina-guclendirme-proseduru-5670.webp'><img loading=\"lazy\" decoding=\"async\" width=\"853\" height=\"1200\" src=\"https:\/\/kolon-guclendirme.com\/silivri\/wp-content\/uploads\/sites\/99\/2023\/09\/Silivri-Bina-guclendirme-proseduru-5670.webp\" class=\"attachment-large size-large\" alt=\"Mimarsinan karbon elyaf kolon g\u00fc\u00e7lendirme maliyeti\" srcset=\"https:\/\/kolon-guclendirme.com\/silivri\/wp-content\/uploads\/sites\/99\/2023\/09\/Silivri-Bina-guclendirme-proseduru-5670.webp 853w, https:\/\/kolon-guclendirme.com\/silivri\/wp-content\/uploads\/sites\/99\/2023\/09\/Silivri-Bina-guclendirme-proseduru-5670-768x1080.webp 768w\" sizes=\"(max-width: 853px) 100vw, 853px\" \/><\/a>\n\t\t\t<\/div><\/figure>\n\t\t<\/div>\n<\/p>\n","protected":false},"excerpt":{"rendered":"<p>Silivri Gazitepe Zemin karbon ke\u00e7e g\u00fc\u00e7lendirme fiyat\u0131 &#8220;Gazitepe&#8217;de Zemin Karbon Ke\u00e7e G\u00fc\u00e7lendirmesi: Silivri&#8217;nin Y\u00fckselen De\u011ferleri&#8221; Silivri il\u00e7esinin incisi Gazitepe, yap\u0131 sekt\u00f6r\u00fcnde \u00f6nemli bir potansiyele sahip. Zemin karbon ke\u00e7e g\u00fc\u00e7lendirmesi, binalar\u0131n &#8230;<\/p>\n","protected":false},"author":0,"featured_media":1648,"comment_status":"","ping_status":"open","sticky":false,"template":"","format":"standard","meta":{"footnotes":""},"categories":[116],"tags":[93,11,12,38,69],"_links":{"self":[{"href":"https:\/\/kolon-guclendirme.com\/silivri\/wp-json\/wp\/v2\/posts\/1779"}],"collection":[{"href":"https:\/\/kolon-guclendirme.com\/silivri\/wp-json\/wp\/v2\/posts"}],"about":[{"href":"https:\/\/kolon-guclendirme.com\/silivri\/wp-json\/wp\/v2\/types\/post"}],"replies":[{"embeddable":true,"href":"https:\/\/kolon-guclendirme.com\/silivri\/wp-json\/wp\/v2\/comments?post=1779"}],"version-history":[{"count":0,"href":"https:\/\/kolon-guclendirme.com\/silivri\/wp-json\/wp\/v2\/posts\/1779\/revisions"}],"wp:featuredmedia":[{"embeddable":true,"href":"https:\/\/kolon-guclendirme.com\/silivri\/wp-json\/wp\/v2\/media\/1648"}],"wp:attachment":[{"href":"https:\/\/kolon-guclendirme.com\/silivri\/wp-json\/wp\/v2\/media?parent=1779"}],"wp:term":[{"taxonomy":"category","embeddable":true,"href":"https:\/\/kolon-guclendirme.com\/silivri\/wp-json\/wp\/v2\/categories?post=1779"},{"taxonomy":"post_tag","embeddable":true,"href":"https:\/\/kolon-guclendirme.com\/silivri\/wp-json\/wp\/v2\/tags?post=1779"}],"curies":[{"name":"wp","href":"https:\/\/api.w.org\/{rel}","templated":true}]}}