{"id":1680,"date":"2023-10-01T12:22:30","date_gmt":"2023-10-01T09:22:30","guid":{"rendered":"https:\/\/kolon-guclendirme.com\/silivri\/karbon-teras-guclendirme-yapanlar\/"},"modified":"2023-10-01T12:22:31","modified_gmt":"2023-10-01T09:22:31","slug":"karbon-teras-guclendirme-yapanlar","status":"publish","type":"post","link":"https:\/\/kolon-guclendirme.com\/silivri\/karbon-teras-guclendirme-yapanlar\/","title":{"rendered":"Karbon teras g\u00fc\u00e7lendirme yapanlar"},"content":{"rendered":"<p>Karbon teras g\u00fc\u00e7lendirme yapanlar \u201c\u0130l\u00e7esi ile Alakal\u0131 Karbon Teras G\u00fc\u00e7lendirme Hizmetleri\u201d \u0130l\u00e7enin zengin k\u00fclt\u00fcrel miras\u0131 ve do\u011fal g\u00fczellikleriyle \u00e7evrili oldu\u011fu bir ger\u00e7ek. Ancak, bu g\u00fczelliklerin yan\u0131 s\u0131ra iklim de\u011fi\u015fikli\u011fi gibi \u00e7evresel fakt\u00f6rler, teraslar\u0131m\u0131z\u0131 tehdit ediyor. Karbon teras g\u00fc\u00e7lendirme, bu soruna \u00e7\u00f6z\u00fcm sunuyor. Karbon teras g\u00fc\u00e7lendirme, teraslar\u0131n\u0131z\u0131 dayan\u0131kl\u0131 ve \u00e7evre dostu bir \u015fekilde yenileme imkan\u0131 sunar. \u0130l\u00e7enizin tarihi dokusunu koruyarak, \u00e7evresel s\u00fcrd\u00fcr\u00fclebilirli\u011fi destekler. Ayr\u0131ca, teraslar\u0131n\u0131z\u0131n \u00f6mr\u00fcn\u00fc uzat\u0131rken erozyon riskini azalt\u0131r. Bu hizmeti sunan yerel uzmanlar, il\u00e7enizin \u00f6zel ihtiya\u00e7lar\u0131n\u0131 anlar ve teraslar\u0131n\u0131za en iyi \u00e7\u00f6z\u00fcm\u00fc sunarlar. Karbon teras g\u00fc\u00e7lendirme, betonarme teraslar\u0131n dayan\u0131kl\u0131l\u0131\u011f\u0131n\u0131 art\u0131r\u0131rken, \u00e7evre dostu malzemeler kullanarak do\u011fal g\u00fczellikleri korur. Teraslar\u0131n\u0131z\u0131n gelece\u011fini g\u00fcvence alt\u0131na almak ve \u00e7evresel s\u00fcrd\u00fcr\u00fclebilirli\u011fe katk\u0131da bulunmak i\u00e7in yerel Karbon teras g\u00fc\u00e7lendirme uzmanlar\u0131na ba\u015fvurmay\u0131 d\u00fc\u015f\u00fcn\u00fcn. \u0130l\u00e7enizin g\u00fczelliklerini koruma ve gelecek nesillere aktarma sorumlulu\u011fu hepimizindir.<\/p>\n<p>        <!-- \/wp:paragraph --><\/p>\n<div id='gallery-1' class='gallery galleryid-1680 gallery-columns-2 gallery-size-large'><figure class='gallery-item'>\n\t\t\t<div class='gallery-icon portrait'>\n\t\t\t\t<a href='https:\/\/kolon-guclendirme.com\/silivri\/wp-content\/uploads\/sites\/99\/2023\/09\/Silivri-karbon-elyaf-guclendirme-ntv-35812.webp'><img loading=\"lazy\" decoding=\"async\" width=\"853\" height=\"1200\" src=\"https:\/\/kolon-guclendirme.com\/silivri\/wp-content\/uploads\/sites\/99\/2023\/09\/Silivri-karbon-elyaf-guclendirme-ntv-35812.webp\" class=\"attachment-large size-large\" alt=\"\" srcset=\"https:\/\/kolon-guclendirme.com\/silivri\/wp-content\/uploads\/sites\/99\/2023\/09\/Silivri-karbon-elyaf-guclendirme-ntv-35812.webp 853w, https:\/\/kolon-guclendirme.com\/silivri\/wp-content\/uploads\/sites\/99\/2023\/09\/Silivri-karbon-elyaf-guclendirme-ntv-35812-768x1080.webp 768w\" sizes=\"(max-width: 853px) 100vw, 853px\" \/><\/a>\n\t\t\t<\/div><\/figure><figure class='gallery-item'>\n\t\t\t<div class='gallery-icon portrait'>\n\t\t\t\t<a href='https:\/\/kolon-guclendirme.com\/silivri\/wp-content\/uploads\/sites\/99\/2023\/09\/Silivri-Bina-frp-kece-kaplama-fiyati-35634.webp'><img loading=\"lazy\" decoding=\"async\" width=\"853\" height=\"1200\" src=\"https:\/\/kolon-guclendirme.com\/silivri\/wp-content\/uploads\/sites\/99\/2023\/09\/Silivri-Bina-frp-kece-kaplama-fiyati-35634.webp\" class=\"attachment-large size-large\" alt=\"Kavakl\u0131 Cumhuriyet 5 katl\u0131 ev g\u00fc\u00e7lendirme maliyeti\" srcset=\"https:\/\/kolon-guclendirme.com\/silivri\/wp-content\/uploads\/sites\/99\/2023\/09\/Silivri-Bina-frp-kece-kaplama-fiyati-35634.webp 853w, https:\/\/kolon-guclendirme.com\/silivri\/wp-content\/uploads\/sites\/99\/2023\/09\/Silivri-Bina-frp-kece-kaplama-fiyati-35634-768x1080.webp 768w\" sizes=\"(max-width: 853px) 100vw, 853px\" \/><\/a>\n\t\t\t<\/div><\/figure>\n\t\t<\/div>\n\n","protected":false},"excerpt":{"rendered":"<p>Karbon teras g\u00fc\u00e7lendirme yapanlar \u201c\u0130l\u00e7esi ile Alakal\u0131 Karbon Teras G\u00fc\u00e7lendirme Hizmetleri\u201d \u0130l\u00e7enin zengin k\u00fclt\u00fcrel miras\u0131 ve do\u011fal g\u00fczellikleriyle \u00e7evrili oldu\u011fu bir ger\u00e7ek. Ancak, bu g\u00fczelliklerin yan\u0131 s\u0131ra iklim de\u011fi\u015fikli\u011fi gibi &#8230;<\/p>\n","protected":false},"author":0,"featured_media":1546,"comment_status":"closed","ping_status":"open","sticky":false,"template":"","format":"standard","meta":{"footnotes":""},"categories":[1],"tags":[13,14,11,12,10,15],"_links":{"self":[{"href":"https:\/\/kolon-guclendirme.com\/silivri\/wp-json\/wp\/v2\/posts\/1680"}],"collection":[{"href":"https:\/\/kolon-guclendirme.com\/silivri\/wp-json\/wp\/v2\/posts"}],"about":[{"href":"https:\/\/kolon-guclendirme.com\/silivri\/wp-json\/wp\/v2\/types\/post"}],"replies":[{"embeddable":true,"href":"https:\/\/kolon-guclendirme.com\/silivri\/wp-json\/wp\/v2\/comments?post=1680"}],"version-history":[{"count":1,"href":"https:\/\/kolon-guclendirme.com\/silivri\/wp-json\/wp\/v2\/posts\/1680\/revisions"}],"predecessor-version":[{"id":1681,"href":"https:\/\/kolon-guclendirme.com\/silivri\/wp-json\/wp\/v2\/posts\/1680\/revisions\/1681"}],"wp:featuredmedia":[{"embeddable":true,"href":"https:\/\/kolon-guclendirme.com\/silivri\/wp-json\/wp\/v2\/media\/1546"}],"wp:attachment":[{"href":"https:\/\/kolon-guclendirme.com\/silivri\/wp-json\/wp\/v2\/media?parent=1680"}],"wp:term":[{"taxonomy":"category","embeddable":true,"href":"https:\/\/kolon-guclendirme.com\/silivri\/wp-json\/wp\/v2\/categories?post=1680"},{"taxonomy":"post_tag","embeddable":true,"href":"https:\/\/kolon-guclendirme.com\/silivri\/wp-json\/wp\/v2\/tags?post=1680"}],"curies":[{"name":"wp","href":"https:\/\/api.w.org\/{rel}","templated":true}]}}