{"id":152,"date":"2023-10-01T12:23:00","date_gmt":"2023-10-01T09:23:00","guid":{"rendered":"https:\/\/kolon-guclendirme.com\/silivri\/silivri-kolon-guclendirme-maliyeti\/"},"modified":"2023-10-01T12:23:00","modified_gmt":"2023-10-01T09:23:00","slug":"silivri-kolon-guclendirme-maliyeti","status":"publish","type":"post","link":"https:\/\/kolon-guclendirme.com\/silivri\/silivri-kolon-guclendirme-maliyeti\/","title":{"rendered":"Silivri Kolon g\u00fc\u00e7lendirme maliyeti"},"content":{"rendered":"<p>Kolon g\u00fc\u00e7lendirme, evlerin sa\u011flaml\u0131\u011f\u0131n\u0131 ve g\u00fcvenli\u011fini artt\u0131rmak i\u00e7in \u00f6nemli bir \u00f6nlemdir. Silivri\u2019de kolon g\u00fc\u00e7lendirme maliyeti, evin boyutuna, kullan\u0131lan malzemeye ve i\u015f\u00e7ilik maliyetine g\u00f6re de\u011fi\u015fmektedir. Genellikle, kolon g\u00fc\u00e7lendirme maliyeti, evin b\u00fcy\u00fckl\u00fc\u011f\u00fc ve kullan\u0131lan malzeme say\u0131s\u0131na g\u00f6re belirlenir. Y\u00fcksek kaliteli malzemeler kullan\u0131ld\u0131\u011f\u0131nda, kolon g\u00fc\u00e7lendirme maliyeti daha y\u00fcksek olacakt\u0131r. Ayr\u0131ca, i\u015f\u00e7ilik maliyeti de kolon g\u00fc\u00e7lendirme maliyetini etkilemektedir. Silivri\u2019de kolon g\u00fc\u00e7lendirme maliyeti, se\u00e7ilen malzemeler ve i\u015f\u00e7ilik maliyetlerine g\u00f6re de\u011fi\u015fmektedir. G\u00fcvenli bir<\/p>\n<p>        <!-- \/wp:paragraph --><\/p>\n<div id='gallery-1' class='gallery galleryid-152 gallery-columns-2 gallery-size-large'><figure class='gallery-item'>\n\t\t\t<div class='gallery-icon portrait'>\n\t\t\t\t<a href='https:\/\/kolon-guclendirme.com\/silivri\/wp-content\/uploads\/sites\/99\/2023\/09\/Silivri-Bina-frp-fiber-guclendirme-firmalari-16739.webp'><img loading=\"lazy\" decoding=\"async\" width=\"853\" height=\"1200\" src=\"https:\/\/kolon-guclendirme.com\/silivri\/wp-content\/uploads\/sites\/99\/2023\/09\/Silivri-Bina-frp-fiber-guclendirme-firmalari-16739.webp\" class=\"attachment-large size-large\" alt=\"\" srcset=\"https:\/\/kolon-guclendirme.com\/silivri\/wp-content\/uploads\/sites\/99\/2023\/09\/Silivri-Bina-frp-fiber-guclendirme-firmalari-16739.webp 853w, https:\/\/kolon-guclendirme.com\/silivri\/wp-content\/uploads\/sites\/99\/2023\/09\/Silivri-Bina-frp-fiber-guclendirme-firmalari-16739-768x1080.webp 768w\" sizes=\"(max-width: 853px) 100vw, 853px\" \/><\/a>\n\t\t\t<\/div><\/figure><figure class='gallery-item'>\n\t\t\t<div class='gallery-icon portrait'>\n\t\t\t\t<a href='https:\/\/kolon-guclendirme.com\/silivri\/wp-content\/uploads\/sites\/99\/2023\/09\/Silivri-Carbon-elyaf-bina-guclendirme-maliyeti-57114.webp'><img loading=\"lazy\" decoding=\"async\" width=\"853\" height=\"1200\" src=\"https:\/\/kolon-guclendirme.com\/silivri\/wp-content\/uploads\/sites\/99\/2023\/09\/Silivri-Carbon-elyaf-bina-guclendirme-maliyeti-57114.webp\" class=\"attachment-large size-large\" alt=\"\" srcset=\"https:\/\/kolon-guclendirme.com\/silivri\/wp-content\/uploads\/sites\/99\/2023\/09\/Silivri-Carbon-elyaf-bina-guclendirme-maliyeti-57114.webp 853w, https:\/\/kolon-guclendirme.com\/silivri\/wp-content\/uploads\/sites\/99\/2023\/09\/Silivri-Carbon-elyaf-bina-guclendirme-maliyeti-57114-768x1080.webp 768w\" sizes=\"(max-width: 853px) 100vw, 853px\" \/><\/a>\n\t\t\t<\/div><\/figure>\n\t\t<\/div>\n\n","protected":false},"excerpt":{"rendered":"<p>Kolon g\u00fc\u00e7lendirme, evlerin sa\u011flaml\u0131\u011f\u0131n\u0131 ve g\u00fcvenli\u011fini artt\u0131rmak i\u00e7in \u00f6nemli bir \u00f6nlemdir. Silivri\u2019de kolon g\u00fc\u00e7lendirme maliyeti, evin boyutuna, kullan\u0131lan malzemeye ve i\u015f\u00e7ilik maliyetine g\u00f6re de\u011fi\u015fmektedir. Genellikle, kolon g\u00fc\u00e7lendirme maliyeti, evin b\u00fcy\u00fckl\u00fc\u011f\u00fc &#8230;<\/p>\n","protected":false},"author":1,"featured_media":1502,"comment_status":"open","ping_status":"open","sticky":false,"template":"","format":"standard","meta":{"footnotes":""},"categories":[1],"tags":[79,11,78,40,26],"_links":{"self":[{"href":"https:\/\/kolon-guclendirme.com\/silivri\/wp-json\/wp\/v2\/posts\/152"}],"collection":[{"href":"https:\/\/kolon-guclendirme.com\/silivri\/wp-json\/wp\/v2\/posts"}],"about":[{"href":"https:\/\/kolon-guclendirme.com\/silivri\/wp-json\/wp\/v2\/types\/post"}],"author":[{"embeddable":true,"href":"https:\/\/kolon-guclendirme.com\/silivri\/wp-json\/wp\/v2\/users\/1"}],"replies":[{"embeddable":true,"href":"https:\/\/kolon-guclendirme.com\/silivri\/wp-json\/wp\/v2\/comments?post=152"}],"version-history":[{"count":1,"href":"https:\/\/kolon-guclendirme.com\/silivri\/wp-json\/wp\/v2\/posts\/152\/revisions"}],"predecessor-version":[{"id":1724,"href":"https:\/\/kolon-guclendirme.com\/silivri\/wp-json\/wp\/v2\/posts\/152\/revisions\/1724"}],"wp:featuredmedia":[{"embeddable":true,"href":"https:\/\/kolon-guclendirme.com\/silivri\/wp-json\/wp\/v2\/media\/1502"}],"wp:attachment":[{"href":"https:\/\/kolon-guclendirme.com\/silivri\/wp-json\/wp\/v2\/media?parent=152"}],"wp:term":[{"taxonomy":"category","embeddable":true,"href":"https:\/\/kolon-guclendirme.com\/silivri\/wp-json\/wp\/v2\/categories?post=152"},{"taxonomy":"post_tag","embeddable":true,"href":"https:\/\/kolon-guclendirme.com\/silivri\/wp-json\/wp\/v2\/tags?post=152"}],"curies":[{"name":"wp","href":"https:\/\/api.w.org\/{rel}","templated":true}]}}