{"id":101,"date":"2023-10-01T12:23:06","date_gmt":"2023-10-01T09:23:06","guid":{"rendered":"https:\/\/kolon-guclendirme.com\/silivri\/silivri-karbon-fiber-guclendirme-nedir-nasil-yapilir-1769\/"},"modified":"2023-10-01T12:23:07","modified_gmt":"2023-10-01T09:23:07","slug":"silivri-karbon-fiber-guclendirme-nedir-nasil-yapilir-1769","status":"publish","type":"post","link":"https:\/\/kolon-guclendirme.com\/silivri\/silivri-karbon-fiber-guclendirme-nedir-nasil-yapilir-1769\/","title":{"rendered":"Silivri Karbon fiber g\u00fc\u00e7lendirme nedir Nas\u0131l yap\u0131l\u0131r"},"content":{"rendered":"<p>Silivri Karbon fiber g\u00fc\u00e7lendirme nedir Nas\u0131l yap\u0131l\u0131r 1769 Yol\u00e7at\u0131 Karbon fiber duvar g\u00fc\u00e7lendirme fiyat\u0131 9144, Mimarsinan Balkon frp g\u00fc\u00e7lendirme malzemesi 1264, Semizkumlar Idecad kiri\u015f g\u00fc\u00e7lendirme 5165, Piri Mehmet Pa\u015fa Karbon lif zemin g\u00fc\u00e7lendirme malzemesi 9649, B\u00fcy\u00fck \u00c7avu\u015flu Kolon karbon ke\u00e7e g\u00fc\u00e7lendirme fiyat\u0131 827, Alipa\u015fa Duvar karbon lif kaplama 5212 Silivri ve Cumhuriyet de Hizmet vermekteyiz Karbon Fiber Kolon Kiri\u015f G\u00fc\u00e7lendirme i\u015flerinizde En uygun Fiyat Kaliteli i\u015f\u00e7ilik i\u00e7in 7\/24 Saat Firmam\u0131z ile ileti\u015fime Ge\u00e7ebilirsiniz www.kolonkirisguclendirme.com +905427483855<\/p>\n<p>        <!-- \/wp:paragraph --><\/p>\n<div id='gallery-1' class='gallery galleryid-101 gallery-columns-2 gallery-size-large'><figure class='gallery-item'>\n\t\t\t<div class='gallery-icon portrait'>\n\t\t\t\t<a href='https:\/\/kolon-guclendirme.com\/silivri\/wp-content\/uploads\/sites\/99\/2023\/09\/Silivri-Kolon-carbon-kece-guclendirme-4225.webp'><img loading=\"lazy\" decoding=\"async\" width=\"853\" height=\"1200\" src=\"https:\/\/kolon-guclendirme.com\/silivri\/wp-content\/uploads\/sites\/99\/2023\/09\/Silivri-Kolon-carbon-kece-guclendirme-4225.webp\" class=\"attachment-large size-large\" alt=\"Cumhuriyet Karbon ke\u00e7e kiri\u015f g\u00fc\u00e7lendirme\" srcset=\"https:\/\/kolon-guclendirme.com\/silivri\/wp-content\/uploads\/sites\/99\/2023\/09\/Silivri-Kolon-carbon-kece-guclendirme-4225.webp 853w, https:\/\/kolon-guclendirme.com\/silivri\/wp-content\/uploads\/sites\/99\/2023\/09\/Silivri-Kolon-carbon-kece-guclendirme-4225-768x1080.webp 768w\" sizes=\"(max-width: 853px) 100vw, 853px\" \/><\/a>\n\t\t\t<\/div><\/figure><figure class='gallery-item'>\n\t\t\t<div class='gallery-icon portrait'>\n\t\t\t\t<a href='https:\/\/kolon-guclendirme.com\/silivri\/wp-content\/uploads\/sites\/99\/2023\/09\/Silivri-Zemin-frp-elyaf-guclendirme-fiyati-50427.webp'><img loading=\"lazy\" decoding=\"async\" width=\"853\" height=\"1200\" src=\"https:\/\/kolon-guclendirme.com\/silivri\/wp-content\/uploads\/sites\/99\/2023\/09\/Silivri-Zemin-frp-elyaf-guclendirme-fiyati-50427.webp\" class=\"attachment-large size-large\" alt=\"Kad\u0131k\u00f6y Yap\u0131 karbon kaplama maliyeti\" srcset=\"https:\/\/kolon-guclendirme.com\/silivri\/wp-content\/uploads\/sites\/99\/2023\/09\/Silivri-Zemin-frp-elyaf-guclendirme-fiyati-50427.webp 853w, https:\/\/kolon-guclendirme.com\/silivri\/wp-content\/uploads\/sites\/99\/2023\/09\/Silivri-Zemin-frp-elyaf-guclendirme-fiyati-50427-768x1080.webp 768w\" sizes=\"(max-width: 853px) 100vw, 853px\" \/><\/a>\n\t\t\t<\/div><\/figure>\n\t\t<\/div>\n\n","protected":false},"excerpt":{"rendered":"<p>Silivri Karbon fiber g\u00fc\u00e7lendirme nedir Nas\u0131l yap\u0131l\u0131r 1769 Yol\u00e7at\u0131 Karbon fiber duvar g\u00fc\u00e7lendirme fiyat\u0131 9144, Mimarsinan Balkon frp g\u00fc\u00e7lendirme malzemesi 1264, Semizkumlar Idecad kiri\u015f g\u00fc\u00e7lendirme 5165, Piri Mehmet Pa\u015fa Karbon &#8230;<\/p>\n","protected":false},"author":1,"featured_media":1574,"comment_status":"open","ping_status":"open","sticky":false,"template":"","format":"standard","meta":{"footnotes":""},"categories":[1],"tags":[28,11,12,49,91],"_links":{"self":[{"href":"https:\/\/kolon-guclendirme.com\/silivri\/wp-json\/wp\/v2\/posts\/101"}],"collection":[{"href":"https:\/\/kolon-guclendirme.com\/silivri\/wp-json\/wp\/v2\/posts"}],"about":[{"href":"https:\/\/kolon-guclendirme.com\/silivri\/wp-json\/wp\/v2\/types\/post"}],"author":[{"embeddable":true,"href":"https:\/\/kolon-guclendirme.com\/silivri\/wp-json\/wp\/v2\/users\/1"}],"replies":[{"embeddable":true,"href":"https:\/\/kolon-guclendirme.com\/silivri\/wp-json\/wp\/v2\/comments?post=101"}],"version-history":[{"count":1,"href":"https:\/\/kolon-guclendirme.com\/silivri\/wp-json\/wp\/v2\/posts\/101\/revisions"}],"predecessor-version":[{"id":1734,"href":"https:\/\/kolon-guclendirme.com\/silivri\/wp-json\/wp\/v2\/posts\/101\/revisions\/1734"}],"wp:featuredmedia":[{"embeddable":true,"href":"https:\/\/kolon-guclendirme.com\/silivri\/wp-json\/wp\/v2\/media\/1574"}],"wp:attachment":[{"href":"https:\/\/kolon-guclendirme.com\/silivri\/wp-json\/wp\/v2\/media?parent=101"}],"wp:term":[{"taxonomy":"category","embeddable":true,"href":"https:\/\/kolon-guclendirme.com\/silivri\/wp-json\/wp\/v2\/categories?post=101"},{"taxonomy":"post_tag","embeddable":true,"href":"https:\/\/kolon-guclendirme.com\/silivri\/wp-json\/wp\/v2\/tags?post=101"}],"curies":[{"name":"wp","href":"https:\/\/api.w.org\/{rel}","templated":true}]}}