{"id":350,"date":"2023-10-01T12:11:47","date_gmt":"2023-10-01T09:11:47","guid":{"rendered":"https:\/\/kolon-guclendirme.com\/nevsehir\/nevsehir-karbon-kece-kaplama-firmalari\/"},"modified":"2023-10-01T12:11:48","modified_gmt":"2023-10-01T09:11:48","slug":"nevsehir-karbon-kece-kaplama-firmalari","status":"publish","type":"post","link":"https:\/\/kolon-guclendirme.com\/nevsehir\/nevsehir-karbon-kece-kaplama-firmalari\/","title":{"rendered":"Nev\u015fehir Karbon ke\u00e7e kaplama firmalar\u0131"},"content":{"rendered":"<p>Nev\u015fehir Karbon ke\u00e7e kaplama firmalar\u0131 Ba\u015fl\u0131k: Nev\u015fehir\u2019de Sa\u011flam Tavanlar: Carbon Elyaf Tavan G\u00fc\u00e7lendirme Fiyat\u0131 Nev\u015fehir il\u00e7esi Nev\u015fehir\u2019de, yap\u0131lar\u0131n tavanlar\u0131n\u0131 g\u00fc\u00e7lendirmek i\u00e7in tercih edilen carbon elyaf tavan g\u00fc\u00e7lendirme fiyat\u0131 uygun ve ekonomik. Bu yenilik\u00e7i \u00e7\u00f6z\u00fcm, tavanlara hafif ve etkili bir g\u00fc\u00e7lendirme sa\u011flayarak yap\u0131lar\u0131 deprem ve y\u00fck alt\u0131nda g\u00fcvenli k\u0131l\u0131yor. Nev\u015fehir\u2019de carbon elyaf tavan g\u00fc\u00e7lendirme ile binalar\u0131n\u0131z sa\u011flam ve dayan\u0131kl\u0131 hale geliyor. www.karbonfiberbinaguclendirme.com +905427483855 Instagram Facebook TikTok Twitter Medium LinkedIn Link Link Link Link Link Link<\/p>\n<p>        <!-- \/wp:paragraph --><\/p>\n<div id='gallery-1' class='gallery galleryid-350 gallery-columns-2 gallery-size-large'><figure class='gallery-item'>\n\t\t\t<div class='gallery-icon portrait'>\n\t\t\t\t<a href='https:\/\/kolon-guclendirme.com\/nevsehir\/wp-content\/uploads\/sites\/87\/2023\/09\/Nevsehir-karbon-fiber-ile-guclendirme-17569.webp'><img loading=\"lazy\" decoding=\"async\" width=\"853\" height=\"1200\" src=\"https:\/\/kolon-guclendirme.com\/nevsehir\/wp-content\/uploads\/sites\/87\/2023\/09\/Nevsehir-karbon-fiber-ile-guclendirme-17569.webp\" class=\"attachment-large size-large\" alt=\"\" srcset=\"https:\/\/kolon-guclendirme.com\/nevsehir\/wp-content\/uploads\/sites\/87\/2023\/09\/Nevsehir-karbon-fiber-ile-guclendirme-17569.webp 853w, https:\/\/kolon-guclendirme.com\/nevsehir\/wp-content\/uploads\/sites\/87\/2023\/09\/Nevsehir-karbon-fiber-ile-guclendirme-17569-768x1080.webp 768w\" sizes=\"(max-width: 853px) 100vw, 853px\" \/><\/a>\n\t\t\t<\/div><\/figure><figure class='gallery-item'>\n\t\t\t<div class='gallery-icon portrait'>\n\t\t\t\t<a href='https:\/\/kolon-guclendirme.com\/nevsehir\/wp-content\/uploads\/sites\/87\/2023\/09\/Nevsehir-Bina-guclendirme-maliyeti-2019-18008.webp'><img loading=\"lazy\" decoding=\"async\" width=\"853\" height=\"1200\" src=\"https:\/\/kolon-guclendirme.com\/nevsehir\/wp-content\/uploads\/sites\/87\/2023\/09\/Nevsehir-Bina-guclendirme-maliyeti-2019-18008.webp\" class=\"attachment-large size-large\" alt=\"Hac\u0131bekta\u015f Teras karbon fiber kaplama firmalar\u0131\" srcset=\"https:\/\/kolon-guclendirme.com\/nevsehir\/wp-content\/uploads\/sites\/87\/2023\/09\/Nevsehir-Bina-guclendirme-maliyeti-2019-18008.webp 853w, https:\/\/kolon-guclendirme.com\/nevsehir\/wp-content\/uploads\/sites\/87\/2023\/09\/Nevsehir-Bina-guclendirme-maliyeti-2019-18008-768x1080.webp 768w\" sizes=\"(max-width: 853px) 100vw, 853px\" \/><\/a>\n\t\t\t<\/div><\/figure>\n\t\t<\/div>\n\n","protected":false},"excerpt":{"rendered":"<p>Nev\u015fehir Karbon ke\u00e7e kaplama firmalar\u0131 Ba\u015fl\u0131k: Nev\u015fehir\u2019de Sa\u011flam Tavanlar: Carbon Elyaf Tavan G\u00fc\u00e7lendirme Fiyat\u0131 Nev\u015fehir il\u00e7esi Nev\u015fehir\u2019de, yap\u0131lar\u0131n tavanlar\u0131n\u0131 g\u00fc\u00e7lendirmek i\u00e7in tercih edilen carbon elyaf tavan g\u00fc\u00e7lendirme fiyat\u0131 uygun ve &#8230;<\/p>\n","protected":false},"author":1,"featured_media":1547,"comment_status":"open","ping_status":"open","sticky":false,"template":"","format":"standard","meta":{"footnotes":""},"categories":[1],"tags":[11,22,3,9,28],"_links":{"self":[{"href":"https:\/\/kolon-guclendirme.com\/nevsehir\/wp-json\/wp\/v2\/posts\/350"}],"collection":[{"href":"https:\/\/kolon-guclendirme.com\/nevsehir\/wp-json\/wp\/v2\/posts"}],"about":[{"href":"https:\/\/kolon-guclendirme.com\/nevsehir\/wp-json\/wp\/v2\/types\/post"}],"author":[{"embeddable":true,"href":"https:\/\/kolon-guclendirme.com\/nevsehir\/wp-json\/wp\/v2\/users\/1"}],"replies":[{"embeddable":true,"href":"https:\/\/kolon-guclendirme.com\/nevsehir\/wp-json\/wp\/v2\/comments?post=350"}],"version-history":[{"count":1,"href":"https:\/\/kolon-guclendirme.com\/nevsehir\/wp-json\/wp\/v2\/posts\/350\/revisions"}],"predecessor-version":[{"id":1688,"href":"https:\/\/kolon-guclendirme.com\/nevsehir\/wp-json\/wp\/v2\/posts\/350\/revisions\/1688"}],"wp:featuredmedia":[{"embeddable":true,"href":"https:\/\/kolon-guclendirme.com\/nevsehir\/wp-json\/wp\/v2\/media\/1547"}],"wp:attachment":[{"href":"https:\/\/kolon-guclendirme.com\/nevsehir\/wp-json\/wp\/v2\/media?parent=350"}],"wp:term":[{"taxonomy":"category","embeddable":true,"href":"https:\/\/kolon-guclendirme.com\/nevsehir\/wp-json\/wp\/v2\/categories?post=350"},{"taxonomy":"post_tag","embeddable":true,"href":"https:\/\/kolon-guclendirme.com\/nevsehir\/wp-json\/wp\/v2\/tags?post=350"}],"curies":[{"name":"wp","href":"https:\/\/api.w.org\/{rel}","templated":true}]}}