{"id":338,"date":"2023-10-01T12:11:49","date_gmt":"2023-10-01T09:11:49","guid":{"rendered":"https:\/\/kolon-guclendirme.com\/nevsehir\/nevsehir-zemin-frp-guclendirme-fiyati\/"},"modified":"2023-10-01T12:11:49","modified_gmt":"2023-10-01T09:11:49","slug":"nevsehir-zemin-frp-guclendirme-fiyati","status":"publish","type":"post","link":"https:\/\/kolon-guclendirme.com\/nevsehir\/nevsehir-zemin-frp-guclendirme-fiyati\/","title":{"rendered":"Nev\u015fehir Zemin frp g\u00fc\u00e7lendirme fiyat\u0131"},"content":{"rendered":"<p>Nev\u015fehir Zemin frp g\u00fc\u00e7lendirme fiyat\u0131 G\u00fcl\u015fehir\u2019de G\u00fc\u00e7l\u00fc Tavanlar: Carbon Elyaf Tavan G\u00fc\u00e7lendirme Firmalar\u0131 Nev\u015fehir\u2019in do\u011fal g\u00fczelliklerle bezenen il\u00e7esi G\u00fcl\u015fehir\u2019deki tavanlar\u0131n\u0131z\u0131 carbon elyaf ile g\u00fc\u00e7lendirmek i\u00e7in uzman firmalarla \u00e7al\u0131\u015f\u0131n. Hafif ve y\u00fcksek dayan\u0131kl\u0131l\u0131kla tavanlar\u0131n\u0131za uzun \u00f6m\u00fcrl\u00fc koruma sa\u011flarlar. G\u00fcl\u015fehir\u2019de yap\u0131lar\u0131n\u0131za g\u00fcvenle ilerlemek i\u00e7in bizi tercih edin. www.guclendirmefirmasi.com +905427483855 Instagram Facebook TikTok Twitter Medium LinkedIn Link Link Link Link Link Link<\/p>\n<p>        <!-- \/wp:paragraph --><\/p>\n<div id='gallery-1' class='gallery galleryid-338 gallery-columns-2 gallery-size-large'><figure class='gallery-item'>\n\t\t\t<div class='gallery-icon portrait'>\n\t\t\t\t<a href='https:\/\/kolon-guclendirme.com\/nevsehir\/wp-content\/uploads\/sites\/87\/2023\/09\/Nevsehir-Kolon-karbon-fiber-guclendirme-fiyatlari-3648.webp'><img loading=\"lazy\" decoding=\"async\" width=\"853\" height=\"1200\" src=\"https:\/\/kolon-guclendirme.com\/nevsehir\/wp-content\/uploads\/sites\/87\/2023\/09\/Nevsehir-Kolon-karbon-fiber-guclendirme-fiyatlari-3648.webp\" class=\"attachment-large size-large\" alt=\"G\u00fcl\u015fehir Tavan karbon fiber kaplama\" srcset=\"https:\/\/kolon-guclendirme.com\/nevsehir\/wp-content\/uploads\/sites\/87\/2023\/09\/Nevsehir-Kolon-karbon-fiber-guclendirme-fiyatlari-3648.webp 853w, https:\/\/kolon-guclendirme.com\/nevsehir\/wp-content\/uploads\/sites\/87\/2023\/09\/Nevsehir-Kolon-karbon-fiber-guclendirme-fiyatlari-3648-768x1080.webp 768w\" sizes=\"(max-width: 853px) 100vw, 853px\" \/><\/a>\n\t\t\t<\/div><\/figure><figure class='gallery-item'>\n\t\t\t<div class='gallery-icon portrait'>\n\t\t\t\t<a href='https:\/\/kolon-guclendirme.com\/nevsehir\/wp-content\/uploads\/sites\/87\/2023\/09\/Nevsehir-Kiris-karbon-lif-kaplama-yapanlar-72642.webp'><img loading=\"lazy\" decoding=\"async\" width=\"853\" height=\"1200\" src=\"https:\/\/kolon-guclendirme.com\/nevsehir\/wp-content\/uploads\/sites\/87\/2023\/09\/Nevsehir-Kiris-karbon-lif-kaplama-yapanlar-72642.webp\" class=\"attachment-large size-large\" alt=\"\" srcset=\"https:\/\/kolon-guclendirme.com\/nevsehir\/wp-content\/uploads\/sites\/87\/2023\/09\/Nevsehir-Kiris-karbon-lif-kaplama-yapanlar-72642.webp 853w, https:\/\/kolon-guclendirme.com\/nevsehir\/wp-content\/uploads\/sites\/87\/2023\/09\/Nevsehir-Kiris-karbon-lif-kaplama-yapanlar-72642-768x1080.webp 768w\" sizes=\"(max-width: 853px) 100vw, 853px\" \/><\/a>\n\t\t\t<\/div><\/figure>\n\t\t<\/div>\n\n","protected":false},"excerpt":{"rendered":"<p>Nev\u015fehir Zemin frp g\u00fc\u00e7lendirme fiyat\u0131 G\u00fcl\u015fehir\u2019de G\u00fc\u00e7l\u00fc Tavanlar: Carbon Elyaf Tavan G\u00fc\u00e7lendirme Firmalar\u0131 Nev\u015fehir\u2019in do\u011fal g\u00fczelliklerle bezenen il\u00e7esi G\u00fcl\u015fehir\u2019deki tavanlar\u0131n\u0131z\u0131 carbon elyaf ile g\u00fc\u00e7lendirmek i\u00e7in uzman firmalarla \u00e7al\u0131\u015f\u0131n. Hafif ve &#8230;<\/p>\n","protected":false},"author":1,"featured_media":1582,"comment_status":"open","ping_status":"open","sticky":false,"template":"","format":"standard","meta":{"footnotes":""},"categories":[1],"tags":[29,11,31,30,10],"_links":{"self":[{"href":"https:\/\/kolon-guclendirme.com\/nevsehir\/wp-json\/wp\/v2\/posts\/338"}],"collection":[{"href":"https:\/\/kolon-guclendirme.com\/nevsehir\/wp-json\/wp\/v2\/posts"}],"about":[{"href":"https:\/\/kolon-guclendirme.com\/nevsehir\/wp-json\/wp\/v2\/types\/post"}],"author":[{"embeddable":true,"href":"https:\/\/kolon-guclendirme.com\/nevsehir\/wp-json\/wp\/v2\/users\/1"}],"replies":[{"embeddable":true,"href":"https:\/\/kolon-guclendirme.com\/nevsehir\/wp-json\/wp\/v2\/comments?post=338"}],"version-history":[{"count":1,"href":"https:\/\/kolon-guclendirme.com\/nevsehir\/wp-json\/wp\/v2\/posts\/338\/revisions"}],"predecessor-version":[{"id":1690,"href":"https:\/\/kolon-guclendirme.com\/nevsehir\/wp-json\/wp\/v2\/posts\/338\/revisions\/1690"}],"wp:featuredmedia":[{"embeddable":true,"href":"https:\/\/kolon-guclendirme.com\/nevsehir\/wp-json\/wp\/v2\/media\/1582"}],"wp:attachment":[{"href":"https:\/\/kolon-guclendirme.com\/nevsehir\/wp-json\/wp\/v2\/media?parent=338"}],"wp:term":[{"taxonomy":"category","embeddable":true,"href":"https:\/\/kolon-guclendirme.com\/nevsehir\/wp-json\/wp\/v2\/categories?post=338"},{"taxonomy":"post_tag","embeddable":true,"href":"https:\/\/kolon-guclendirme.com\/nevsehir\/wp-json\/wp\/v2\/tags?post=338"}],"curies":[{"name":"wp","href":"https:\/\/api.w.org\/{rel}","templated":true}]}}