{"id":1818,"date":"2023-11-18T06:05:08","date_gmt":"2023-11-18T03:05:08","guid":{"rendered":"https:\/\/kolon-guclendirme.com\/nevsehir\/nevsehir-carbon-fiber-teras-guclendirme-yapanlar\/"},"modified":"2023-11-18T06:05:08","modified_gmt":"2023-11-18T03:05:08","slug":"nevsehir-carbon-fiber-teras-guclendirme-yapanlar","status":"publish","type":"post","link":"https:\/\/kolon-guclendirme.com\/nevsehir\/nevsehir-carbon-fiber-teras-guclendirme-yapanlar\/","title":{"rendered":"Nev\u015fehir  Carbon fiber teras g\u00fc\u00e7lendirme yapanlar"},"content":{"rendered":"<h1>Nev\u015fehir Nev\u015fehir  Carbon fiber teras g\u00fc\u00e7lendirme yapanlar<\/h1>\n<p>Nev\u015fehir il\u00e7esi, tarihi zenginlikleri ve do\u011fal g\u00fczellikleriyle \u00fcnl\u00fc bir b\u00f6lgedir. Bu benzersiz co\u011frafyada, modern teknolojinin eseri olan carbon fiber teras g\u00fc\u00e7lendirmesi de dikkat \u00e7ekmektedir. Nev\u015fehir&#8217;de faaliyet g\u00f6steren uzman firmalar, geleneksel y\u00f6ntemlere alternatif olarak carbon fiber teknolojisini kullanarak teras g\u00fc\u00e7lendirme hizmeti sunmaktad\u0131r. Bu yenilik\u00e7i malzeme, dayan\u0131kl\u0131l\u0131\u011f\u0131 ve hafifli\u011fiyle \u00f6ne \u00e7\u0131karken, Nev\u015fehir&#8217;in tarihle i\u00e7 i\u00e7e ge\u00e7mi\u015f dokusuna sayg\u0131 duymaktad\u0131r. Teraslar\u0131n\u0131 g\u00fc\u00e7lendirmek isteyenler, b\u00f6lgedeki uzman firmalardan destek alarak hem modern hem de sa\u011flam bir \u00e7\u00f6z\u00fcm elde edebilirler.<div id='gallery-1' class='gallery galleryid-1818 gallery-columns-2 gallery-size-large'><figure class='gallery-item'>\n\t\t\t<div class='gallery-icon portrait'>\n\t\t\t\t<a href='https:\/\/kolon-guclendirme.com\/nevsehir\/wp-content\/uploads\/sites\/87\/2023\/09\/Nevsehir-Tavan-karbon-elyaf-kaplama-fiyati-83183.webp'><img loading=\"lazy\" decoding=\"async\" width=\"853\" height=\"1200\" src=\"https:\/\/kolon-guclendirme.com\/nevsehir\/wp-content\/uploads\/sites\/87\/2023\/09\/Nevsehir-Tavan-karbon-elyaf-kaplama-fiyati-83183.webp\" class=\"attachment-large size-large\" alt=\"Nev\u015fehir  Carbon fiber teras g\u00fc\u00e7lendirme yapanlar\" srcset=\"https:\/\/kolon-guclendirme.com\/nevsehir\/wp-content\/uploads\/sites\/87\/2023\/09\/Nevsehir-Tavan-karbon-elyaf-kaplama-fiyati-83183.webp 853w, https:\/\/kolon-guclendirme.com\/nevsehir\/wp-content\/uploads\/sites\/87\/2023\/09\/Nevsehir-Tavan-karbon-elyaf-kaplama-fiyati-83183-768x1080.webp 768w\" sizes=\"(max-width: 853px) 100vw, 853px\" \/><\/a>\n\t\t\t<\/div><\/figure><figure class='gallery-item'>\n\t\t\t<div class='gallery-icon portrait'>\n\t\t\t\t<a href='https:\/\/kolon-guclendirme.com\/nevsehir\/wp-content\/uploads\/sites\/87\/2023\/09\/Nevsehir-Kiris-frp-guclendirme-malzemesi-3860.webp'><img loading=\"lazy\" decoding=\"async\" width=\"853\" height=\"1200\" src=\"https:\/\/kolon-guclendirme.com\/nevsehir\/wp-content\/uploads\/sites\/87\/2023\/09\/Nevsehir-Kiris-frp-guclendirme-malzemesi-3860.webp\" class=\"attachment-large size-large\" alt=\"Nev\u015fehir  Carbon fiber teras g\u00fc\u00e7lendirme yapanlar\" srcset=\"https:\/\/kolon-guclendirme.com\/nevsehir\/wp-content\/uploads\/sites\/87\/2023\/09\/Nevsehir-Kiris-frp-guclendirme-malzemesi-3860.webp 853w, https:\/\/kolon-guclendirme.com\/nevsehir\/wp-content\/uploads\/sites\/87\/2023\/09\/Nevsehir-Kiris-frp-guclendirme-malzemesi-3860-768x1080.webp 768w\" sizes=\"(max-width: 853px) 100vw, 853px\" \/><\/a>\n\t\t\t<\/div><\/figure>\n\t\t<\/div>\n<\/p>\n","protected":false},"excerpt":{"rendered":"<p>Nev\u015fehir Nev\u015fehir Carbon fiber teras g\u00fc\u00e7lendirme yapanlar Nev\u015fehir il\u00e7esi, tarihi zenginlikleri ve do\u011fal g\u00fczellikleriyle \u00fcnl\u00fc bir b\u00f6lgedir. Bu benzersiz co\u011frafyada, modern teknolojinin eseri olan carbon fiber teras g\u00fc\u00e7lendirmesi de dikkat &#8230;<\/p>\n","protected":false},"author":0,"featured_media":1465,"comment_status":"","ping_status":"open","sticky":false,"template":"","format":"standard","meta":{"footnotes":""},"categories":[135],"tags":[13,4,11,17,21],"_links":{"self":[{"href":"https:\/\/kolon-guclendirme.com\/nevsehir\/wp-json\/wp\/v2\/posts\/1818"}],"collection":[{"href":"https:\/\/kolon-guclendirme.com\/nevsehir\/wp-json\/wp\/v2\/posts"}],"about":[{"href":"https:\/\/kolon-guclendirme.com\/nevsehir\/wp-json\/wp\/v2\/types\/post"}],"replies":[{"embeddable":true,"href":"https:\/\/kolon-guclendirme.com\/nevsehir\/wp-json\/wp\/v2\/comments?post=1818"}],"version-history":[{"count":0,"href":"https:\/\/kolon-guclendirme.com\/nevsehir\/wp-json\/wp\/v2\/posts\/1818\/revisions"}],"wp:featuredmedia":[{"embeddable":true,"href":"https:\/\/kolon-guclendirme.com\/nevsehir\/wp-json\/wp\/v2\/media\/1465"}],"wp:attachment":[{"href":"https:\/\/kolon-guclendirme.com\/nevsehir\/wp-json\/wp\/v2\/media?parent=1818"}],"wp:term":[{"taxonomy":"category","embeddable":true,"href":"https:\/\/kolon-guclendirme.com\/nevsehir\/wp-json\/wp\/v2\/categories?post=1818"},{"taxonomy":"post_tag","embeddable":true,"href":"https:\/\/kolon-guclendirme.com\/nevsehir\/wp-json\/wp\/v2\/tags?post=1818"}],"curies":[{"name":"wp","href":"https:\/\/api.w.org\/{rel}","templated":true}]}}