{"id":122,"date":"2023-10-01T12:04:52","date_gmt":"2023-10-01T09:04:52","guid":{"rendered":"https:\/\/kolon-guclendirme.com\/malatya\/malatya-kiris-karbon-fiber-kaplama-firmalari\/"},"modified":"2023-10-01T12:04:53","modified_gmt":"2023-10-01T09:04:53","slug":"malatya-kiris-karbon-fiber-kaplama-firmalari","status":"publish","type":"post","link":"https:\/\/kolon-guclendirme.com\/malatya\/malatya-kiris-karbon-fiber-kaplama-firmalari\/","title":{"rendered":"Malatya Kiri\u015f karbon fiber kaplama firmalar\u0131"},"content":{"rendered":"<p>Malatya\u2019da karbon fiber kaplama yapan firmalar\u0131n say\u0131s\u0131 giderek art\u0131yor. Bu firmalar\u0131n baz\u0131lar\u0131 Malatya B\u00fcy\u00fck\u015fehir Belediyesi\u2019nin onayl\u0131 firmalar\u0131. Malatya B\u00fcy\u00fck\u015fehir Belediyesi, karbon fiber kaplama yapan firmalar\u0131 denetlerken, ayn\u0131 zamanda hizmet kalitesini de g\u00f6z \u00f6n\u00fcnde bulunduruyor. Malatya B\u00fcy\u00fck\u015fehir Belediyesi\u2019nin onayl\u0131 firmalar\u0131ndan biri olan ve karbon fiber kaplama hizmeti veren bir firma, sizlere en iyi hizmeti sunuyor. Firmam\u0131z, siz de\u011ferli m\u00fc\u015fterilerimize en iyi hizmeti sunmak i\u00e7in \u00e7al\u0131\u015f\u0131yor. Sizleri de Malatya B\u00fcy\u00fck\u015fehir Belediyesi\u2019nin onayl\u0131 firmalar\u0131ndan biri olan ve karbon fiber kaplama hizmeti veren bir firma ile tan\u0131\u015ft\u0131<\/p>\n<p>        <!-- \/wp:paragraph --><\/p>\n<div id='gallery-1' class='gallery galleryid-122 gallery-columns-2 gallery-size-large'><figure class='gallery-item'>\n\t\t\t<div class='gallery-icon portrait'>\n\t\t\t\t<a href='https:\/\/kolon-guclendirme.com\/malatya\/wp-content\/uploads\/sites\/79\/2023\/09\/Malatya-Frp-kiris-guclendirme-sistemleri-18251.webp'><img loading=\"lazy\" decoding=\"async\" width=\"853\" height=\"1200\" src=\"https:\/\/kolon-guclendirme.com\/malatya\/wp-content\/uploads\/sites\/79\/2023\/09\/Malatya-Frp-kiris-guclendirme-sistemleri-18251.webp\" class=\"attachment-large size-large\" alt=\"Malatya  Frp kuma\u015f teras kaplama\" srcset=\"https:\/\/kolon-guclendirme.com\/malatya\/wp-content\/uploads\/sites\/79\/2023\/09\/Malatya-Frp-kiris-guclendirme-sistemleri-18251.webp 853w, https:\/\/kolon-guclendirme.com\/malatya\/wp-content\/uploads\/sites\/79\/2023\/09\/Malatya-Frp-kiris-guclendirme-sistemleri-18251-768x1080.webp 768w\" sizes=\"(max-width: 853px) 100vw, 853px\" \/><\/a>\n\t\t\t<\/div><\/figure><figure class='gallery-item'>\n\t\t\t<div class='gallery-icon portrait'>\n\t\t\t\t<a href='https:\/\/kolon-guclendirme.com\/malatya\/wp-content\/uploads\/sites\/79\/2023\/09\/Malatya-Hafif-dolu-hasarli-arac-alinir-mi-34857.webp'><img loading=\"lazy\" decoding=\"async\" width=\"853\" height=\"1200\" src=\"https:\/\/kolon-guclendirme.com\/malatya\/wp-content\/uploads\/sites\/79\/2023\/09\/Malatya-Hafif-dolu-hasarli-arac-alinir-mi-34857.webp\" class=\"attachment-large size-large\" alt=\"\" srcset=\"https:\/\/kolon-guclendirme.com\/malatya\/wp-content\/uploads\/sites\/79\/2023\/09\/Malatya-Hafif-dolu-hasarli-arac-alinir-mi-34857.webp 853w, https:\/\/kolon-guclendirme.com\/malatya\/wp-content\/uploads\/sites\/79\/2023\/09\/Malatya-Hafif-dolu-hasarli-arac-alinir-mi-34857-768x1080.webp 768w\" sizes=\"(max-width: 853px) 100vw, 853px\" \/><\/a>\n\t\t\t<\/div><\/figure>\n\t\t<\/div>\n\n","protected":false},"excerpt":{"rendered":"<p>Malatya\u2019da karbon fiber kaplama yapan firmalar\u0131n say\u0131s\u0131 giderek art\u0131yor. Bu firmalar\u0131n baz\u0131lar\u0131 Malatya B\u00fcy\u00fck\u015fehir Belediyesi\u2019nin onayl\u0131 firmalar\u0131. Malatya B\u00fcy\u00fck\u015fehir Belediyesi, karbon fiber kaplama yapan firmalar\u0131 denetlerken, ayn\u0131 zamanda hizmet kalitesini &#8230;<\/p>\n","protected":false},"author":1,"featured_media":1669,"comment_status":"open","ping_status":"open","sticky":false,"template":"","format":"standard","meta":{"footnotes":""},"categories":[1],"tags":[90,25,12,18,46],"_links":{"self":[{"href":"https:\/\/kolon-guclendirme.com\/malatya\/wp-json\/wp\/v2\/posts\/122"}],"collection":[{"href":"https:\/\/kolon-guclendirme.com\/malatya\/wp-json\/wp\/v2\/posts"}],"about":[{"href":"https:\/\/kolon-guclendirme.com\/malatya\/wp-json\/wp\/v2\/types\/post"}],"author":[{"embeddable":true,"href":"https:\/\/kolon-guclendirme.com\/malatya\/wp-json\/wp\/v2\/users\/1"}],"replies":[{"embeddable":true,"href":"https:\/\/kolon-guclendirme.com\/malatya\/wp-json\/wp\/v2\/comments?post=122"}],"version-history":[{"count":1,"href":"https:\/\/kolon-guclendirme.com\/malatya\/wp-json\/wp\/v2\/posts\/122\/revisions"}],"predecessor-version":[{"id":1724,"href":"https:\/\/kolon-guclendirme.com\/malatya\/wp-json\/wp\/v2\/posts\/122\/revisions\/1724"}],"wp:featuredmedia":[{"embeddable":true,"href":"https:\/\/kolon-guclendirme.com\/malatya\/wp-json\/wp\/v2\/media\/1669"}],"wp:attachment":[{"href":"https:\/\/kolon-guclendirme.com\/malatya\/wp-json\/wp\/v2\/media?parent=122"}],"wp:term":[{"taxonomy":"category","embeddable":true,"href":"https:\/\/kolon-guclendirme.com\/malatya\/wp-json\/wp\/v2\/categories?post=122"},{"taxonomy":"post_tag","embeddable":true,"href":"https:\/\/kolon-guclendirme.com\/malatya\/wp-json\/wp\/v2\/tags?post=122"}],"curies":[{"name":"wp","href":"https:\/\/api.w.org\/{rel}","templated":true}]}}