{"id":200,"date":"2023-10-01T11:57:41","date_gmt":"2023-10-01T08:57:41","guid":{"rendered":"https:\/\/kolon-guclendirme.com\/kocaeli\/kocaeli-teras-frp-fiber-kaplama-maliyeti\/"},"modified":"2023-10-01T11:57:41","modified_gmt":"2023-10-01T08:57:41","slug":"kocaeli-teras-frp-fiber-kaplama-maliyeti","status":"publish","type":"post","link":"https:\/\/kolon-guclendirme.com\/kocaeli\/kocaeli-teras-frp-fiber-kaplama-maliyeti\/","title":{"rendered":"Kocaeli Teras frp fiber kaplama maliyeti"},"content":{"rendered":"<p>Kocaeli Teras FRP Fiber Kaplama, teraslar\u0131n\u0131z\u0131n g\u00fczelli\u011fini ve dayan\u0131kl\u0131l\u0131\u011f\u0131n\u0131 art\u0131rmak i\u00e7in harika bir se\u00e7enektir. Teraslar\u0131n\u0131z i\u00e7in kaliteli ve dayan\u0131kl\u0131 bir \u00e7\u00f6z\u00fcm sunan bu \u00fcr\u00fcn, hava ko\u015fullar\u0131na dayan\u0131kl\u0131l\u0131\u011f\u0131, kolay bak\u0131m\u0131 ve uzun \u00f6m\u00fcrl\u00fcl\u00fc\u011f\u00fc ile tercih edilen bir se\u00e7enektir. FRP Fiber Kaplama, teras\u0131n\u0131z\u0131n kullan\u0131m \u00f6mr\u00fcn\u00fc uzat\u0131rken, g\u00fcvenli ve konforlu bir ortam sa\u011flar. Teras\u0131n\u0131z i\u00e7in uygun maliyetli bir \u00e7\u00f6z\u00fcm ar\u0131yorsan\u0131z, Kocaeli Teras FRP Fiber Kaplama tam size g\u00f6re.<\/p>\n<p>        <!-- \/wp:paragraph --><\/p>\n<div id='gallery-1' class='gallery galleryid-200 gallery-columns-2 gallery-size-large'><figure class='gallery-item'>\n\t\t\t<div class='gallery-icon portrait'>\n\t\t\t\t<a href='https:\/\/kolon-guclendirme.com\/kocaeli\/wp-content\/uploads\/sites\/71\/2023\/09\/Kocaeli-Bina-guclendirme-mevzuati-59023.webp'><img loading=\"lazy\" decoding=\"async\" width=\"853\" height=\"1200\" src=\"https:\/\/kolon-guclendirme.com\/kocaeli\/wp-content\/uploads\/sites\/71\/2023\/09\/Kocaeli-Bina-guclendirme-mevzuati-59023.webp\" class=\"attachment-large size-large\" alt=\"\" srcset=\"https:\/\/kolon-guclendirme.com\/kocaeli\/wp-content\/uploads\/sites\/71\/2023\/09\/Kocaeli-Bina-guclendirme-mevzuati-59023.webp 853w, https:\/\/kolon-guclendirme.com\/kocaeli\/wp-content\/uploads\/sites\/71\/2023\/09\/Kocaeli-Bina-guclendirme-mevzuati-59023-768x1080.webp 768w\" sizes=\"(max-width: 853px) 100vw, 853px\" \/><\/a>\n\t\t\t<\/div><\/figure><figure class='gallery-item'>\n\t\t\t<div class='gallery-icon portrait'>\n\t\t\t\t<a href='https:\/\/kolon-guclendirme.com\/kocaeli\/wp-content\/uploads\/sites\/71\/2023\/09\/Kocaeli-Kiris-hasar-onarimi-98247.webp'><img loading=\"lazy\" decoding=\"async\" width=\"853\" height=\"1200\" src=\"https:\/\/kolon-guclendirme.com\/kocaeli\/wp-content\/uploads\/sites\/71\/2023\/09\/Kocaeli-Kiris-hasar-onarimi-98247.webp\" class=\"attachment-large size-large\" alt=\"izmit Frp fiber yap\u0131 g\u00fc\u00e7lendirme firmas\u0131\" srcset=\"https:\/\/kolon-guclendirme.com\/kocaeli\/wp-content\/uploads\/sites\/71\/2023\/09\/Kocaeli-Kiris-hasar-onarimi-98247.webp 853w, https:\/\/kolon-guclendirme.com\/kocaeli\/wp-content\/uploads\/sites\/71\/2023\/09\/Kocaeli-Kiris-hasar-onarimi-98247-768x1080.webp 768w\" sizes=\"(max-width: 853px) 100vw, 853px\" \/><\/a>\n\t\t\t<\/div><\/figure>\n\t\t<\/div>\n\n","protected":false},"excerpt":{"rendered":"<p>Kocaeli Teras FRP Fiber Kaplama, teraslar\u0131n\u0131z\u0131n g\u00fczelli\u011fini ve dayan\u0131kl\u0131l\u0131\u011f\u0131n\u0131 art\u0131rmak i\u00e7in harika bir se\u00e7enektir. Teraslar\u0131n\u0131z i\u00e7in kaliteli ve dayan\u0131kl\u0131 bir \u00e7\u00f6z\u00fcm sunan bu \u00fcr\u00fcn, hava ko\u015fullar\u0131na dayan\u0131kl\u0131l\u0131\u011f\u0131, kolay bak\u0131m\u0131 ve &#8230;<\/p>\n","protected":false},"author":1,"featured_media":1494,"comment_status":"open","ping_status":"open","sticky":false,"template":"","format":"standard","meta":{"footnotes":""},"categories":[1],"tags":[67,42,19,66,61],"_links":{"self":[{"href":"https:\/\/kolon-guclendirme.com\/kocaeli\/wp-json\/wp\/v2\/posts\/200"}],"collection":[{"href":"https:\/\/kolon-guclendirme.com\/kocaeli\/wp-json\/wp\/v2\/posts"}],"about":[{"href":"https:\/\/kolon-guclendirme.com\/kocaeli\/wp-json\/wp\/v2\/types\/post"}],"author":[{"embeddable":true,"href":"https:\/\/kolon-guclendirme.com\/kocaeli\/wp-json\/wp\/v2\/users\/1"}],"replies":[{"embeddable":true,"href":"https:\/\/kolon-guclendirme.com\/kocaeli\/wp-json\/wp\/v2\/comments?post=200"}],"version-history":[{"count":1,"href":"https:\/\/kolon-guclendirme.com\/kocaeli\/wp-json\/wp\/v2\/posts\/200\/revisions"}],"predecessor-version":[{"id":1713,"href":"https:\/\/kolon-guclendirme.com\/kocaeli\/wp-json\/wp\/v2\/posts\/200\/revisions\/1713"}],"wp:featuredmedia":[{"embeddable":true,"href":"https:\/\/kolon-guclendirme.com\/kocaeli\/wp-json\/wp\/v2\/media\/1494"}],"wp:attachment":[{"href":"https:\/\/kolon-guclendirme.com\/kocaeli\/wp-json\/wp\/v2\/media?parent=200"}],"wp:term":[{"taxonomy":"category","embeddable":true,"href":"https:\/\/kolon-guclendirme.com\/kocaeli\/wp-json\/wp\/v2\/categories?post=200"},{"taxonomy":"post_tag","embeddable":true,"href":"https:\/\/kolon-guclendirme.com\/kocaeli\/wp-json\/wp\/v2\/tags?post=200"}],"curies":[{"name":"wp","href":"https:\/\/api.w.org\/{rel}","templated":true}]}}