{"id":266,"date":"2023-10-01T12:03:35","date_gmt":"2023-10-01T09:03:35","guid":{"rendered":"https:\/\/kolon-guclendirme.com\/kirsehir\/kirsehir-tavan-frp-fiber-guclendirme-yapanlar\/"},"modified":"2023-10-01T12:03:36","modified_gmt":"2023-10-01T09:03:36","slug":"kirsehir-tavan-frp-fiber-guclendirme-yapanlar","status":"publish","type":"post","link":"https:\/\/kolon-guclendirme.com\/kirsehir\/kirsehir-tavan-frp-fiber-guclendirme-yapanlar\/","title":{"rendered":"K\u0131r\u015fehir Tavan frp fiber g\u00fc\u00e7lendirme yapanlar"},"content":{"rendered":"<p>K\u0131r\u015fehir Tavan frp fiber g\u00fc\u00e7lendirme yapanlar \u201cK\u0131r\u015fehir il\u00e7esi Kaman\u2019da, 3 katl\u0131 bir apartman\u0131n karbon g\u00fc\u00e7lendirme maliyeti, yap\u0131n\u0131n b\u00fcy\u00fckl\u00fc\u011f\u00fc, g\u00fc\u00e7lendirme y\u00f6ntemi ve di\u011fer fakt\u00f6rlere ba\u011fl\u0131 olarak de\u011fi\u015fir. Karbon g\u00fc\u00e7lendirme, binalar\u0131n dayan\u0131kl\u0131l\u0131\u011f\u0131n\u0131 art\u0131r\u0131r ve yap\u0131sal g\u00fcvenli\u011fi sa\u011flar. Kaman\u2019da bulunan uzman firmalarla ileti\u015fime ge\u00e7erek, apartman\u0131n\u0131z\u0131n \u00f6zelliklerine uygun maliyetlendirme ve profesyonel hizmetler hakk\u0131nda bilgi alabilirsiniz.\u201d www.guclendirmefirmasi.com +905427483855 Instagram Facebook TikTok Twitter Medium LinkedIn Link Link Link Link Link Link<\/p>\n<p>        <!-- \/wp:paragraph --><\/p>\n<div id='gallery-1' class='gallery galleryid-266 gallery-columns-2 gallery-size-large'><figure class='gallery-item'>\n\t\t\t<div class='gallery-icon portrait'>\n\t\t\t\t<a href='https:\/\/kolon-guclendirme.com\/kirsehir\/wp-content\/uploads\/sites\/78\/2023\/09\/kirsehir-Kiris-karbon-elyaf-guclendirme-yapanlar-17656.webp'><img loading=\"lazy\" decoding=\"async\" width=\"853\" height=\"1200\" src=\"https:\/\/kolon-guclendirme.com\/kirsehir\/wp-content\/uploads\/sites\/78\/2023\/09\/kirsehir-Kiris-karbon-elyaf-guclendirme-yapanlar-17656.webp\" class=\"attachment-large size-large\" alt=\"Mucur Kiri\u015f Karbon G\u00fc\u00e7lendirme\" srcset=\"https:\/\/kolon-guclendirme.com\/kirsehir\/wp-content\/uploads\/sites\/78\/2023\/09\/kirsehir-Kiris-karbon-elyaf-guclendirme-yapanlar-17656.webp 853w, https:\/\/kolon-guclendirme.com\/kirsehir\/wp-content\/uploads\/sites\/78\/2023\/09\/kirsehir-Kiris-karbon-elyaf-guclendirme-yapanlar-17656-768x1080.webp 768w\" sizes=\"(max-width: 853px) 100vw, 853px\" \/><\/a>\n\t\t\t<\/div><\/figure><figure class='gallery-item'>\n\t\t\t<div class='gallery-icon portrait'>\n\t\t\t\t<a href='https:\/\/kolon-guclendirme.com\/kirsehir\/wp-content\/uploads\/sites\/78\/2023\/09\/kirsehir-Kolon-karbon-kece-kaplama-yapanlar-57034.webp'><img loading=\"lazy\" decoding=\"async\" width=\"853\" height=\"1200\" src=\"https:\/\/kolon-guclendirme.com\/kirsehir\/wp-content\/uploads\/sites\/78\/2023\/09\/kirsehir-Kolon-karbon-kece-kaplama-yapanlar-57034.webp\" class=\"attachment-large size-large\" alt=\"\" srcset=\"https:\/\/kolon-guclendirme.com\/kirsehir\/wp-content\/uploads\/sites\/78\/2023\/09\/kirsehir-Kolon-karbon-kece-kaplama-yapanlar-57034.webp 853w, https:\/\/kolon-guclendirme.com\/kirsehir\/wp-content\/uploads\/sites\/78\/2023\/09\/kirsehir-Kolon-karbon-kece-kaplama-yapanlar-57034-768x1080.webp 768w\" sizes=\"(max-width: 853px) 100vw, 853px\" \/><\/a>\n\t\t\t<\/div><\/figure>\n\t\t<\/div>\n\n","protected":false},"excerpt":{"rendered":"<p>K\u0131r\u015fehir Tavan frp fiber g\u00fc\u00e7lendirme yapanlar \u201cK\u0131r\u015fehir il\u00e7esi Kaman\u2019da, 3 katl\u0131 bir apartman\u0131n karbon g\u00fc\u00e7lendirme maliyeti, yap\u0131n\u0131n b\u00fcy\u00fckl\u00fc\u011f\u00fc, g\u00fc\u00e7lendirme y\u00f6ntemi ve di\u011fer fakt\u00f6rlere ba\u011fl\u0131 olarak de\u011fi\u015fir. Karbon g\u00fc\u00e7lendirme, binalar\u0131n dayan\u0131kl\u0131l\u0131\u011f\u0131n\u0131 &#8230;<\/p>\n","protected":false},"author":1,"featured_media":1669,"comment_status":"open","ping_status":"open","sticky":false,"template":"","format":"standard","meta":{"footnotes":""},"categories":[1],"tags":[4,3,33,15,53],"_links":{"self":[{"href":"https:\/\/kolon-guclendirme.com\/kirsehir\/wp-json\/wp\/v2\/posts\/266"}],"collection":[{"href":"https:\/\/kolon-guclendirme.com\/kirsehir\/wp-json\/wp\/v2\/posts"}],"about":[{"href":"https:\/\/kolon-guclendirme.com\/kirsehir\/wp-json\/wp\/v2\/types\/post"}],"author":[{"embeddable":true,"href":"https:\/\/kolon-guclendirme.com\/kirsehir\/wp-json\/wp\/v2\/users\/1"}],"replies":[{"embeddable":true,"href":"https:\/\/kolon-guclendirme.com\/kirsehir\/wp-json\/wp\/v2\/comments?post=266"}],"version-history":[{"count":1,"href":"https:\/\/kolon-guclendirme.com\/kirsehir\/wp-json\/wp\/v2\/posts\/266\/revisions"}],"predecessor-version":[{"id":1702,"href":"https:\/\/kolon-guclendirme.com\/kirsehir\/wp-json\/wp\/v2\/posts\/266\/revisions\/1702"}],"wp:featuredmedia":[{"embeddable":true,"href":"https:\/\/kolon-guclendirme.com\/kirsehir\/wp-json\/wp\/v2\/media\/1669"}],"wp:attachment":[{"href":"https:\/\/kolon-guclendirme.com\/kirsehir\/wp-json\/wp\/v2\/media?parent=266"}],"wp:term":[{"taxonomy":"category","embeddable":true,"href":"https:\/\/kolon-guclendirme.com\/kirsehir\/wp-json\/wp\/v2\/categories?post=266"},{"taxonomy":"post_tag","embeddable":true,"href":"https:\/\/kolon-guclendirme.com\/kirsehir\/wp-json\/wp\/v2\/tags?post=266"}],"curies":[{"name":"wp","href":"https:\/\/api.w.org\/{rel}","templated":true}]}}