{"id":194,"date":"2023-10-01T12:03:43","date_gmt":"2023-10-01T09:03:43","guid":{"rendered":"https:\/\/kolon-guclendirme.com\/kirsehir\/kirsehir-karbon-lif-yapi-guclendirme-malzemesi\/"},"modified":"2023-10-01T12:03:43","modified_gmt":"2023-10-01T09:03:43","slug":"kirsehir-karbon-lif-yapi-guclendirme-malzemesi","status":"publish","type":"post","link":"https:\/\/kolon-guclendirme.com\/kirsehir\/kirsehir-karbon-lif-yapi-guclendirme-malzemesi\/","title":{"rendered":"K\u0131r\u015fehir Karbon lif yap\u0131 g\u00fc\u00e7lendirme malzemesi"},"content":{"rendered":"<p>Karbon lif, \u00e7ok y\u00f6nl\u00fc bir malzeme olan g\u00fc\u00e7lendirme \u00fcr\u00fcn\u00fcd\u00fcr. K\u0131r\u015fehir\u2019de \u00fcretilen bu \u00fcr\u00fcn, \u00e7e\u015fitli end\u00fcstriler i\u00e7in kullan\u0131lmaktad\u0131r. Karbon lif, \u00e7ok dayan\u0131kl\u0131 ve esnek bir malzemedir. Ayr\u0131ca, kompozitlerin g\u00fcc\u00fcn\u00fc art\u0131rmak i\u00e7in kullan\u0131l\u0131r. Karbon lif, \u00e7ok hafif bir malzemedir ve hava arac\u0131 u\u00e7u\u015flar\u0131nda kullan\u0131l\u0131r. Ayn\u0131 zamanda, \u00e7e\u015fitli end\u00fcstriler i\u00e7in g\u00fc\u00e7lendirme malzemesi olarak da kullan\u0131l\u0131r. K\u0131r\u015fehir\u2019de \u00fcretilen karbon lif, \u00e7e\u015fitli sekt\u00f6rlerde kullan\u0131lmaktad\u0131r. Bu malzeme, \u00e7e\u015fitli \u00fcr\u00fcnlerin \u00f6m\u00fcrlerini uzatmak i\u00e7in kullan\u0131l\u0131r. Y\u00fcksek s\u0131cak<\/p>\n<p>        <!-- \/wp:paragraph --><\/p>\n<div id='gallery-1' class='gallery galleryid-194 gallery-columns-2 gallery-size-large'><figure class='gallery-item'>\n\t\t\t<div class='gallery-icon portrait'>\n\t\t\t\t<a href='https:\/\/kolon-guclendirme.com\/kirsehir\/wp-content\/uploads\/sites\/78\/2023\/09\/kirsehir-Karbon-elyaf-yapi-kaplama-40185.webp'><img loading=\"lazy\" decoding=\"async\" width=\"853\" height=\"1200\" src=\"https:\/\/kolon-guclendirme.com\/kirsehir\/wp-content\/uploads\/sites\/78\/2023\/09\/kirsehir-Karbon-elyaf-yapi-kaplama-40185.webp\" class=\"attachment-large size-large\" alt=\"\u00c7i\u00e7ekda\u011f\u0131 Teras carbon fiber g\u00fc\u00e7lendirme\" srcset=\"https:\/\/kolon-guclendirme.com\/kirsehir\/wp-content\/uploads\/sites\/78\/2023\/09\/kirsehir-Karbon-elyaf-yapi-kaplama-40185.webp 853w, https:\/\/kolon-guclendirme.com\/kirsehir\/wp-content\/uploads\/sites\/78\/2023\/09\/kirsehir-Karbon-elyaf-yapi-kaplama-40185-768x1080.webp 768w\" sizes=\"(max-width: 853px) 100vw, 853px\" \/><\/a>\n\t\t\t<\/div><\/figure><figure class='gallery-item'>\n\t\t\t<div class='gallery-icon portrait'>\n\t\t\t\t<a href='https:\/\/kolon-guclendirme.com\/kirsehir\/wp-content\/uploads\/sites\/78\/2023\/09\/kirsehir-Frp-kumas-yapi-guclendirme-88469.webp'><img loading=\"lazy\" decoding=\"async\" width=\"853\" height=\"1200\" src=\"https:\/\/kolon-guclendirme.com\/kirsehir\/wp-content\/uploads\/sites\/78\/2023\/09\/kirsehir-Frp-kumas-yapi-guclendirme-88469.webp\" class=\"attachment-large size-large\" alt=\"Akp\u0131nar FRP Kolon G\u00fc\u00e7lendirme Y\u00f6ntemleri\" srcset=\"https:\/\/kolon-guclendirme.com\/kirsehir\/wp-content\/uploads\/sites\/78\/2023\/09\/kirsehir-Frp-kumas-yapi-guclendirme-88469.webp 853w, https:\/\/kolon-guclendirme.com\/kirsehir\/wp-content\/uploads\/sites\/78\/2023\/09\/kirsehir-Frp-kumas-yapi-guclendirme-88469-768x1080.webp 768w\" sizes=\"(max-width: 853px) 100vw, 853px\" \/><\/a>\n\t\t\t<\/div><\/figure>\n\t\t<\/div>\n\n","protected":false},"excerpt":{"rendered":"<p>Karbon lif, \u00e7ok y\u00f6nl\u00fc bir malzeme olan g\u00fc\u00e7lendirme \u00fcr\u00fcn\u00fcd\u00fcr. K\u0131r\u015fehir\u2019de \u00fcretilen bu \u00fcr\u00fcn, \u00e7e\u015fitli end\u00fcstriler i\u00e7in kullan\u0131lmaktad\u0131r. Karbon lif, \u00e7ok dayan\u0131kl\u0131 ve esnek bir malzemedir. Ayr\u0131ca, kompozitlerin g\u00fcc\u00fcn\u00fc art\u0131rmak i\u00e7in &#8230;<\/p>\n","protected":false},"author":1,"featured_media":1582,"comment_status":"open","ping_status":"open","sticky":false,"template":"","format":"standard","meta":{"footnotes":""},"categories":[1],"tags":[68,63,3,11,69],"_links":{"self":[{"href":"https:\/\/kolon-guclendirme.com\/kirsehir\/wp-json\/wp\/v2\/posts\/194"}],"collection":[{"href":"https:\/\/kolon-guclendirme.com\/kirsehir\/wp-json\/wp\/v2\/posts"}],"about":[{"href":"https:\/\/kolon-guclendirme.com\/kirsehir\/wp-json\/wp\/v2\/types\/post"}],"author":[{"embeddable":true,"href":"https:\/\/kolon-guclendirme.com\/kirsehir\/wp-json\/wp\/v2\/users\/1"}],"replies":[{"embeddable":true,"href":"https:\/\/kolon-guclendirme.com\/kirsehir\/wp-json\/wp\/v2\/comments?post=194"}],"version-history":[{"count":1,"href":"https:\/\/kolon-guclendirme.com\/kirsehir\/wp-json\/wp\/v2\/posts\/194\/revisions"}],"predecessor-version":[{"id":1714,"href":"https:\/\/kolon-guclendirme.com\/kirsehir\/wp-json\/wp\/v2\/posts\/194\/revisions\/1714"}],"wp:featuredmedia":[{"embeddable":true,"href":"https:\/\/kolon-guclendirme.com\/kirsehir\/wp-json\/wp\/v2\/media\/1582"}],"wp:attachment":[{"href":"https:\/\/kolon-guclendirme.com\/kirsehir\/wp-json\/wp\/v2\/media?parent=194"}],"wp:term":[{"taxonomy":"category","embeddable":true,"href":"https:\/\/kolon-guclendirme.com\/kirsehir\/wp-json\/wp\/v2\/categories?post=194"},{"taxonomy":"post_tag","embeddable":true,"href":"https:\/\/kolon-guclendirme.com\/kirsehir\/wp-json\/wp\/v2\/tags?post=194"}],"curies":[{"name":"wp","href":"https:\/\/api.w.org\/{rel}","templated":true}]}}