{"id":188,"date":"2023-10-01T12:03:44","date_gmt":"2023-10-01T09:03:44","guid":{"rendered":"https:\/\/kolon-guclendirme.com\/kirsehir\/kirsehir-teras-karbon-kece-guclendirme-yapanlar\/"},"modified":"2023-10-01T12:03:44","modified_gmt":"2023-10-01T09:03:44","slug":"kirsehir-teras-karbon-kece-guclendirme-yapanlar","status":"publish","type":"post","link":"https:\/\/kolon-guclendirme.com\/kirsehir\/kirsehir-teras-karbon-kece-guclendirme-yapanlar\/","title":{"rendered":"K\u0131r\u015fehir Teras karbon ke\u00e7e g\u00fc\u00e7lendirme yapanlar"},"content":{"rendered":"<p>K\u0131r\u015fehir\u2019de teras karbon ke\u00e7e g\u00fc\u00e7lendirme, \u00e7ok say\u0131da evin teraslar\u0131n\u0131n onar\u0131m\u0131 i\u00e7in giderek pop\u00fcler hale geliyor. Bu hizmetin avantajlar\u0131, maliyeti ve \u00f6zellikleri hakk\u0131nda bilgi vermek i\u00e7in bu blog yaz\u0131s\u0131n\u0131 okuman\u0131z\u0131 \u00f6neriyoruz. Teras karbon ke\u00e7e g\u00fc\u00e7lendirme, teras\u0131n\u0131z\u0131 \u00e7ok daha dayan\u0131kl\u0131 hale getirmek i\u00e7in kullan\u0131lan bir y\u00f6ntemdir. Bu y\u00f6ntem, teras\u0131n\u0131z\u0131n \u00e7\u00f6kmesini \u00f6nlemek ve onu daha uzun s\u00fcre kullanmak i\u00e7in gereklidir. Teras karbon ke\u00e7e g\u00fc\u00e7lendirme, karbon ke\u00e7e ile kau\u00e7uk bazl\u0131 bir yap\u0131\u015ft\u0131r\u0131c\u0131 kullan\u0131larak yap\u0131l\u0131r ve bu y\u00f6ntem, teras\u0131n\u0131z\u0131n kullan\u0131m \u00f6mr\u00fcn\u00fc uzatm<\/p>\n<p>        <!-- \/wp:paragraph --><\/p>\n<div id='gallery-1' class='gallery galleryid-188 gallery-columns-2 gallery-size-large'><figure class='gallery-item'>\n\t\t\t<div class='gallery-icon portrait'>\n\t\t\t\t<a href='https:\/\/kolon-guclendirme.com\/kirsehir\/wp-content\/uploads\/sites\/78\/2023\/09\/kirsehir-Frp-duvar-guclendirme-sistemleri-48118.webp'><img loading=\"lazy\" decoding=\"async\" width=\"853\" height=\"1200\" src=\"https:\/\/kolon-guclendirme.com\/kirsehir\/wp-content\/uploads\/sites\/78\/2023\/09\/kirsehir-Frp-duvar-guclendirme-sistemleri-48118.webp\" class=\"attachment-large size-large\" alt=\"Boztepe Carbon ke\u00e7e tavan kaplama ustas\u0131\" srcset=\"https:\/\/kolon-guclendirme.com\/kirsehir\/wp-content\/uploads\/sites\/78\/2023\/09\/kirsehir-Frp-duvar-guclendirme-sistemleri-48118.webp 853w, https:\/\/kolon-guclendirme.com\/kirsehir\/wp-content\/uploads\/sites\/78\/2023\/09\/kirsehir-Frp-duvar-guclendirme-sistemleri-48118-768x1080.webp 768w\" sizes=\"(max-width: 853px) 100vw, 853px\" \/><\/a>\n\t\t\t<\/div><\/figure><figure class='gallery-item'>\n\t\t\t<div class='gallery-icon portrait'>\n\t\t\t\t<a href='https:\/\/kolon-guclendirme.com\/kirsehir\/wp-content\/uploads\/sites\/78\/2023\/09\/kirsehir-Carbon-fiber-bina-guclendirme-ustasi-59506.webp'><img loading=\"lazy\" decoding=\"async\" width=\"853\" height=\"1200\" src=\"https:\/\/kolon-guclendirme.com\/kirsehir\/wp-content\/uploads\/sites\/78\/2023\/09\/kirsehir-Carbon-fiber-bina-guclendirme-ustasi-59506.webp\" class=\"attachment-large size-large\" alt=\"\u00c7i\u00e7ekda\u011f\u0131 Kompozit malzemelerle g\u00fc\u00e7lendirme\" srcset=\"https:\/\/kolon-guclendirme.com\/kirsehir\/wp-content\/uploads\/sites\/78\/2023\/09\/kirsehir-Carbon-fiber-bina-guclendirme-ustasi-59506.webp 853w, https:\/\/kolon-guclendirme.com\/kirsehir\/wp-content\/uploads\/sites\/78\/2023\/09\/kirsehir-Carbon-fiber-bina-guclendirme-ustasi-59506-768x1080.webp 768w\" sizes=\"(max-width: 853px) 100vw, 853px\" \/><\/a>\n\t\t\t<\/div><\/figure>\n\t\t<\/div>\n\n","protected":false},"excerpt":{"rendered":"<p>K\u0131r\u015fehir\u2019de teras karbon ke\u00e7e g\u00fc\u00e7lendirme, \u00e7ok say\u0131da evin teraslar\u0131n\u0131n onar\u0131m\u0131 i\u00e7in giderek pop\u00fcler hale geliyor. Bu hizmetin avantajlar\u0131, maliyeti ve \u00f6zellikleri hakk\u0131nda bilgi vermek i\u00e7in bu blog yaz\u0131s\u0131n\u0131 okuman\u0131z\u0131 \u00f6neriyoruz. &#8230;<\/p>\n","protected":false},"author":1,"featured_media":1673,"comment_status":"open","ping_status":"open","sticky":false,"template":"","format":"standard","meta":{"footnotes":""},"categories":[1],"tags":[63,3,11,16,45],"_links":{"self":[{"href":"https:\/\/kolon-guclendirme.com\/kirsehir\/wp-json\/wp\/v2\/posts\/188"}],"collection":[{"href":"https:\/\/kolon-guclendirme.com\/kirsehir\/wp-json\/wp\/v2\/posts"}],"about":[{"href":"https:\/\/kolon-guclendirme.com\/kirsehir\/wp-json\/wp\/v2\/types\/post"}],"author":[{"embeddable":true,"href":"https:\/\/kolon-guclendirme.com\/kirsehir\/wp-json\/wp\/v2\/users\/1"}],"replies":[{"embeddable":true,"href":"https:\/\/kolon-guclendirme.com\/kirsehir\/wp-json\/wp\/v2\/comments?post=188"}],"version-history":[{"count":1,"href":"https:\/\/kolon-guclendirme.com\/kirsehir\/wp-json\/wp\/v2\/posts\/188\/revisions"}],"predecessor-version":[{"id":1715,"href":"https:\/\/kolon-guclendirme.com\/kirsehir\/wp-json\/wp\/v2\/posts\/188\/revisions\/1715"}],"wp:featuredmedia":[{"embeddable":true,"href":"https:\/\/kolon-guclendirme.com\/kirsehir\/wp-json\/wp\/v2\/media\/1673"}],"wp:attachment":[{"href":"https:\/\/kolon-guclendirme.com\/kirsehir\/wp-json\/wp\/v2\/media?parent=188"}],"wp:term":[{"taxonomy":"category","embeddable":true,"href":"https:\/\/kolon-guclendirme.com\/kirsehir\/wp-json\/wp\/v2\/categories?post=188"},{"taxonomy":"post_tag","embeddable":true,"href":"https:\/\/kolon-guclendirme.com\/kirsehir\/wp-json\/wp\/v2\/tags?post=188"}],"curies":[{"name":"wp","href":"https:\/\/api.w.org\/{rel}","templated":true}]}}