{"id":1839,"date":"2024-02-13T16:33:19","date_gmt":"2024-02-13T13:33:19","guid":{"rendered":"https:\/\/kolon-guclendirme.com\/kirsehir\/kaman-yapi-frp-fiber-kaplama-fiyati\/"},"modified":"2024-02-13T16:33:21","modified_gmt":"2024-02-13T13:33:21","slug":"kaman-yapi-frp-fiber-kaplama-fiyati","status":"publish","type":"post","link":"https:\/\/kolon-guclendirme.com\/kirsehir\/kaman-yapi-frp-fiber-kaplama-fiyati\/","title":{"rendered":"Kaman Yap\u0131 frp fiber kaplama fiyat\u0131"},"content":{"rendered":"<p>Kaman, K\u0131r\u015fehir ilinin bir il\u00e7esidir. \u0130l\u00e7enin n\u00fcfusu 2021 y\u0131l\u0131 itibariyle 45.000&#8217;dir. Kaman, tar\u0131m ve hayvanc\u0131l\u0131kla ge\u00e7inen bir il\u00e7edir. \u0130l\u00e7ede ayr\u0131ca bir\u00e7ok tarihi ve k\u00fclt\u00fcrel yap\u0131 bulunmaktad\u0131r.<\/p>\n<p>Yap\u0131 frp fiber kaplama, son y\u0131llarda giderek daha pop\u00fcler hale gelen bir uygulamad\u0131r. Bu uygulama, yap\u0131lar\u0131n d\u0131\u015f y\u00fczeylerinin frp fiber ile kaplanmas\u0131yla yap\u0131l\u0131r. Frp fiber, cam elyaf\u0131 ve polyester re\u00e7inesinden olu\u015fan bir malzemedir. Bu malzeme, hafifli\u011fi, dayan\u0131kl\u0131l\u0131\u011f\u0131 ve \u0131s\u0131 yal\u0131t\u0131m \u00f6zellikleriyle \u00f6ne \u00e7\u0131kmaktad\u0131r.<\/p>\n<p>Yap\u0131 frp fiber kaplama, bir\u00e7ok avantaj\u0131 olan bir uygulamad\u0131r. Bu uygulama, yap\u0131lar\u0131n d\u0131\u015f y\u00fczeylerini hava ko\u015fullar\u0131ndan ve g\u00fcne\u015f \u0131\u015f\u0131\u011f\u0131ndan korur. Ayr\u0131ca, yap\u0131lar\u0131n \u0131s\u0131 yal\u0131t\u0131m\u0131n\u0131 art\u0131rarak enerji tasarrufu sa\u011flar. Yap\u0131 frp fiber kaplama, yap\u0131lar\u0131n g\u00f6r\u00fcn\u00fcm\u00fcn\u00fc de iyile\u015ftirir.<\/p>\n<p>Kaman il\u00e7esinde yap\u0131 frp fiber kaplama hizmeti veren bir\u00e7ok firma bulunmaktad\u0131r. Bu firmalar, m\u00fc\u015fterilerine kaliteli ve uygun fiyatl\u0131 hizmetler sunmaktad\u0131r. Yap\u0131 frp fiber kaplama fiyatlar\u0131, yap\u0131n\u0131n b\u00fcy\u00fckl\u00fc\u011f\u00fcne, kullan\u0131lan malzemeye ve i\u015f\u00e7ilik \u00fccretlerine g\u00f6re de\u011fi\u015fmektedir.<div id='gallery-1' class='gallery galleryid-1839 gallery-columns-2 gallery-size-large'><figure class='gallery-item'>\n\t\t\t<div class='gallery-icon portrait'>\n\t\t\t\t<a href='https:\/\/kolon-guclendirme.com\/kirsehir\/wp-content\/uploads\/sites\/78\/2023\/09\/kirsehir-Zemin-karbon-fiber-kaplama-fiyati-20977.webp'><img loading=\"lazy\" decoding=\"async\" width=\"853\" height=\"1200\" src=\"https:\/\/kolon-guclendirme.com\/kirsehir\/wp-content\/uploads\/sites\/78\/2023\/09\/kirsehir-Zemin-karbon-fiber-kaplama-fiyati-20977.webp\" class=\"attachment-large size-large\" alt=\"\" srcset=\"https:\/\/kolon-guclendirme.com\/kirsehir\/wp-content\/uploads\/sites\/78\/2023\/09\/kirsehir-Zemin-karbon-fiber-kaplama-fiyati-20977.webp 853w, https:\/\/kolon-guclendirme.com\/kirsehir\/wp-content\/uploads\/sites\/78\/2023\/09\/kirsehir-Zemin-karbon-fiber-kaplama-fiyati-20977-768x1080.webp 768w\" sizes=\"(max-width: 853px) 100vw, 853px\" \/><\/a>\n\t\t\t<\/div><\/figure><figure class='gallery-item'>\n\t\t\t<div class='gallery-icon portrait'>\n\t\t\t\t<a href='https:\/\/kolon-guclendirme.com\/kirsehir\/wp-content\/uploads\/sites\/78\/2023\/09\/kirsehir-Zemin-karbon-kece-guclendirme-sistemleri-20162.webp'><img loading=\"lazy\" decoding=\"async\" width=\"853\" height=\"1200\" src=\"https:\/\/kolon-guclendirme.com\/kirsehir\/wp-content\/uploads\/sites\/78\/2023\/09\/kirsehir-Zemin-karbon-kece-guclendirme-sistemleri-20162.webp\" class=\"attachment-large size-large\" alt=\"Ak\u00e7akent Kolon g\u00fc\u00e7lendirme m\u00fchendislik \u00e7\u00f6z\u00fcmleri\" srcset=\"https:\/\/kolon-guclendirme.com\/kirsehir\/wp-content\/uploads\/sites\/78\/2023\/09\/kirsehir-Zemin-karbon-kece-guclendirme-sistemleri-20162.webp 853w, https:\/\/kolon-guclendirme.com\/kirsehir\/wp-content\/uploads\/sites\/78\/2023\/09\/kirsehir-Zemin-karbon-kece-guclendirme-sistemleri-20162-768x1080.webp 768w\" sizes=\"(max-width: 853px) 100vw, 853px\" \/><\/a>\n\t\t\t<\/div><\/figure>\n\t\t<\/div>\n<\/p>\n","protected":false},"excerpt":{"rendered":"<p>Kaman, K\u0131r\u015fehir ilinin bir il\u00e7esidir. \u0130l\u00e7enin n\u00fcfusu 2021 y\u0131l\u0131 itibariyle 45.000&#8217;dir. Kaman, tar\u0131m ve hayvanc\u0131l\u0131kla ge\u00e7inen bir il\u00e7edir. \u0130l\u00e7ede ayr\u0131ca bir\u00e7ok tarihi ve k\u00fclt\u00fcrel yap\u0131 bulunmaktad\u0131r. Yap\u0131 frp fiber kaplama, &#8230;<\/p>\n","protected":false},"author":1,"featured_media":1631,"comment_status":"closed","ping_status":"open","sticky":false,"template":"","format":"standard","meta":{"footnotes":""},"categories":[144],"tags":[95,4,100,17,46],"_links":{"self":[{"href":"https:\/\/kolon-guclendirme.com\/kirsehir\/wp-json\/wp\/v2\/posts\/1839"}],"collection":[{"href":"https:\/\/kolon-guclendirme.com\/kirsehir\/wp-json\/wp\/v2\/posts"}],"about":[{"href":"https:\/\/kolon-guclendirme.com\/kirsehir\/wp-json\/wp\/v2\/types\/post"}],"author":[{"embeddable":true,"href":"https:\/\/kolon-guclendirme.com\/kirsehir\/wp-json\/wp\/v2\/users\/1"}],"replies":[{"embeddable":true,"href":"https:\/\/kolon-guclendirme.com\/kirsehir\/wp-json\/wp\/v2\/comments?post=1839"}],"version-history":[{"count":1,"href":"https:\/\/kolon-guclendirme.com\/kirsehir\/wp-json\/wp\/v2\/posts\/1839\/revisions"}],"predecessor-version":[{"id":1840,"href":"https:\/\/kolon-guclendirme.com\/kirsehir\/wp-json\/wp\/v2\/posts\/1839\/revisions\/1840"}],"wp:featuredmedia":[{"embeddable":true,"href":"https:\/\/kolon-guclendirme.com\/kirsehir\/wp-json\/wp\/v2\/media\/1631"}],"wp:attachment":[{"href":"https:\/\/kolon-guclendirme.com\/kirsehir\/wp-json\/wp\/v2\/media?parent=1839"}],"wp:term":[{"taxonomy":"category","embeddable":true,"href":"https:\/\/kolon-guclendirme.com\/kirsehir\/wp-json\/wp\/v2\/categories?post=1839"},{"taxonomy":"post_tag","embeddable":true,"href":"https:\/\/kolon-guclendirme.com\/kirsehir\/wp-json\/wp\/v2\/tags?post=1839"}],"curies":[{"name":"wp","href":"https:\/\/api.w.org\/{rel}","templated":true}]}}