{"id":1829,"date":"2024-01-18T12:03:26","date_gmt":"2024-01-18T09:03:26","guid":{"rendered":"https:\/\/kolon-guclendirme.com\/kirsehir\/akpinar-karbon-fiber-kiris-guclendirme-firmasi\/"},"modified":"2024-01-18T12:03:30","modified_gmt":"2024-01-18T09:03:30","slug":"akpinar-karbon-fiber-kiris-guclendirme-firmasi","status":"publish","type":"post","link":"https:\/\/kolon-guclendirme.com\/kirsehir\/akpinar-karbon-fiber-kiris-guclendirme-firmasi\/","title":{"rendered":"Akp\u0131nar Karbon fiber kiri\u015f g\u00fc\u00e7lendirme firmas\u0131"},"content":{"rendered":"<p>**Akp\u0131nar&#8217;da Karbon Fiber Kiri\u015f G\u00fc\u00e7lendirme Hizmetleri**<\/p>\n<p>K\u0131r\u015fehir&#8217;in Akp\u0131nar il\u00e7esinde bulunan i\u015fletmeler, karbon fiber kiri\u015f g\u00fc\u00e7lendirme hizmetleri i\u00e7in art\u0131k daha iyi bir \u00e7\u00f6z\u00fcme sahip. Karbon fiber, dayan\u0131kl\u0131 ve hafif bir malzeme oldu\u011fu i\u00e7in, kiri\u015flerin g\u00fc\u00e7lendirilmesinde giderek daha fazla tercih ediliyor. Akp\u0131nar&#8217;daki i\u015fletmeler, karbon fiber kiri\u015f g\u00fc\u00e7lendirme hizmetleri sayesinde, binalar\u0131n\u0131n g\u00fcvenli\u011fini ve dayan\u0131kl\u0131l\u0131\u011f\u0131n\u0131 art\u0131rabilirler.<\/p>\n<p>Karbon fiber kiri\u015f g\u00fc\u00e7lendirme, kiri\u015flerin yap\u0131s\u0131na zarar vermeden, onlar\u0131 g\u00fc\u00e7lendirmek i\u00e7in kullan\u0131lan bir y\u00f6ntemdir. Bu y\u00f6ntem, karbon fiber laminatlar\u0131n kiri\u015flere yap\u0131\u015ft\u0131r\u0131larak uygulanmas\u0131yla yap\u0131l\u0131r. Karbon fiber laminatlar, y\u00fcksek mukavemete sahip malzemelerden \u00fcretilir ve kiri\u015flere uyguland\u0131\u011f\u0131nda, kiri\u015flerin ta\u015f\u0131ma kapasitesini art\u0131r\u0131r.<\/p>\n<p>Akp\u0131nar&#8217;daki i\u015fletmeler, karbon fiber kiri\u015f g\u00fc\u00e7lendirme hizmetleri sayesinde, binalar\u0131n\u0131n deprem, r\u00fczgar ve di\u011fer do\u011fal afetlere kar\u015f\u0131 daha dayan\u0131kl\u0131 olmas\u0131n\u0131 sa\u011flayabilirler. Ayr\u0131ca, karbon fiber kiri\u015f g\u00fc\u00e7lendirme, binalar\u0131n kullan\u0131m \u00f6mr\u00fcn\u00fc uzatmaya da yard\u0131mc\u0131 olur.<div id='gallery-1' class='gallery galleryid-1829 gallery-columns-2 gallery-size-large'><figure class='gallery-item'>\n\t\t\t<div class='gallery-icon portrait'>\n\t\t\t\t<a href='https:\/\/kolon-guclendirme.com\/kirsehir\/wp-content\/uploads\/sites\/78\/2023\/09\/kirsehir-Frp-kece-yapi-guclendirme-malzemesi-91789.webp'><img loading=\"lazy\" decoding=\"async\" width=\"853\" height=\"1200\" src=\"https:\/\/kolon-guclendirme.com\/kirsehir\/wp-content\/uploads\/sites\/78\/2023\/09\/kirsehir-Frp-kece-yapi-guclendirme-malzemesi-91789.webp\" class=\"attachment-large size-large\" alt=\"\u00c7i\u00e7ekda\u011f\u0131 Kompozit malzemelerle g\u00fc\u00e7lendirme\" srcset=\"https:\/\/kolon-guclendirme.com\/kirsehir\/wp-content\/uploads\/sites\/78\/2023\/09\/kirsehir-Frp-kece-yapi-guclendirme-malzemesi-91789.webp 853w, https:\/\/kolon-guclendirme.com\/kirsehir\/wp-content\/uploads\/sites\/78\/2023\/09\/kirsehir-Frp-kece-yapi-guclendirme-malzemesi-91789-768x1080.webp 768w\" sizes=\"(max-width: 853px) 100vw, 853px\" \/><\/a>\n\t\t\t<\/div><\/figure><figure class='gallery-item'>\n\t\t\t<div class='gallery-icon portrait'>\n\t\t\t\t<a href='https:\/\/kolon-guclendirme.com\/kirsehir\/wp-content\/uploads\/sites\/78\/2023\/09\/kirsehir-Carbon-lif-teras-guclendirme-malzemesi-46281.webp'><img loading=\"lazy\" decoding=\"async\" width=\"853\" height=\"1200\" src=\"https:\/\/kolon-guclendirme.com\/kirsehir\/wp-content\/uploads\/sites\/78\/2023\/09\/kirsehir-Carbon-lif-teras-guclendirme-malzemesi-46281.webp\" class=\"attachment-large size-large\" alt=\"Ak\u00e7akent Carbon fiber bina kaplama firmalar\u0131\" srcset=\"https:\/\/kolon-guclendirme.com\/kirsehir\/wp-content\/uploads\/sites\/78\/2023\/09\/kirsehir-Carbon-lif-teras-guclendirme-malzemesi-46281.webp 853w, https:\/\/kolon-guclendirme.com\/kirsehir\/wp-content\/uploads\/sites\/78\/2023\/09\/kirsehir-Carbon-lif-teras-guclendirme-malzemesi-46281-768x1080.webp 768w\" sizes=\"(max-width: 853px) 100vw, 853px\" \/><\/a>\n\t\t\t<\/div><\/figure>\n\t\t<\/div>\n<\/p>\n","protected":false},"excerpt":{"rendered":"<p>**Akp\u0131nar&#8217;da Karbon Fiber Kiri\u015f G\u00fc\u00e7lendirme Hizmetleri** K\u0131r\u015fehir&#8217;in Akp\u0131nar il\u00e7esinde bulunan i\u015fletmeler, karbon fiber kiri\u015f g\u00fc\u00e7lendirme hizmetleri i\u00e7in art\u0131k daha iyi bir \u00e7\u00f6z\u00fcme sahip. Karbon fiber, dayan\u0131kl\u0131 ve hafif bir malzeme &#8230;<\/p>\n","protected":false},"author":1,"featured_media":1645,"comment_status":"closed","ping_status":"open","sticky":false,"template":"","format":"standard","meta":{"footnotes":""},"categories":[142],"tags":[4,3,11,10],"_links":{"self":[{"href":"https:\/\/kolon-guclendirme.com\/kirsehir\/wp-json\/wp\/v2\/posts\/1829"}],"collection":[{"href":"https:\/\/kolon-guclendirme.com\/kirsehir\/wp-json\/wp\/v2\/posts"}],"about":[{"href":"https:\/\/kolon-guclendirme.com\/kirsehir\/wp-json\/wp\/v2\/types\/post"}],"author":[{"embeddable":true,"href":"https:\/\/kolon-guclendirme.com\/kirsehir\/wp-json\/wp\/v2\/users\/1"}],"replies":[{"embeddable":true,"href":"https:\/\/kolon-guclendirme.com\/kirsehir\/wp-json\/wp\/v2\/comments?post=1829"}],"version-history":[{"count":1,"href":"https:\/\/kolon-guclendirme.com\/kirsehir\/wp-json\/wp\/v2\/posts\/1829\/revisions"}],"predecessor-version":[{"id":1830,"href":"https:\/\/kolon-guclendirme.com\/kirsehir\/wp-json\/wp\/v2\/posts\/1829\/revisions\/1830"}],"wp:featuredmedia":[{"embeddable":true,"href":"https:\/\/kolon-guclendirme.com\/kirsehir\/wp-json\/wp\/v2\/media\/1645"}],"wp:attachment":[{"href":"https:\/\/kolon-guclendirme.com\/kirsehir\/wp-json\/wp\/v2\/media?parent=1829"}],"wp:term":[{"taxonomy":"category","embeddable":true,"href":"https:\/\/kolon-guclendirme.com\/kirsehir\/wp-json\/wp\/v2\/categories?post=1829"},{"taxonomy":"post_tag","embeddable":true,"href":"https:\/\/kolon-guclendirme.com\/kirsehir\/wp-json\/wp\/v2\/tags?post=1829"}],"curies":[{"name":"wp","href":"https:\/\/api.w.org\/{rel}","templated":true}]}}