{"id":1821,"date":"2024-01-14T17:18:55","date_gmt":"2024-01-14T14:18:55","guid":{"rendered":"https:\/\/kolon-guclendirme.com\/kirsehir\/kaman-bina-guclendirme-kac-para\/"},"modified":"2024-01-14T17:18:58","modified_gmt":"2024-01-14T14:18:58","slug":"kaman-bina-guclendirme-kac-para","status":"publish","type":"post","link":"https:\/\/kolon-guclendirme.com\/kirsehir\/kaman-bina-guclendirme-kac-para\/","title":{"rendered":"Kaman Bina g\u00fc\u00e7lendirme ka\u00e7 para"},"content":{"rendered":"<p>Kaman, K\u0131r\u015fehir&#8217;in en b\u00fcy\u00fck ikinci il\u00e7esidir. \u0130l\u00e7e 1985 y\u0131l\u0131nda merkez il\u00e7eden ayr\u0131larak il\u00e7e olmu\u015ftur. Kaman il\u00e7e merkezinde 37 bin ki\u015fi, il\u00e7eye ba\u011fl\u0131 13 k\u00f6yde 10 bin ki\u015fi ya\u015famaktad\u0131r.<\/p>\n<p>Kaman il\u00e7e merkezinde bulunan binalar\u0131n \u00e7o\u011fu 1980 \u00f6ncesi yap\u0131lm\u0131\u015ft\u0131r. Bu binalar\u0131n \u00e7o\u011fu depreme dayan\u0131kl\u0131 de\u011fildir. Bu nedenle belediye bu binalar\u0131n g\u00fc\u00e7lendirilmesi i\u00e7in \u00e7al\u0131\u015fma ba\u015flatm\u0131\u015ft\u0131r.<\/p>\n<p>Belediye taraf\u0131ndan ba\u015flat\u0131lan \u00e7al\u0131\u015fmayla birlikte Kaman il\u00e7e merkezindeki binalar\u0131n g\u00fc\u00e7lendirilmesi i\u00e7in \u00e7e\u015fitli \u00e7al\u0131\u015fmalar yap\u0131lmaktad\u0131r. Bu \u00e7al\u0131\u015fmalar kapsam\u0131nda binalar\u0131n g\u00fc\u00e7lendirilmesi i\u00e7in gerekli malzemeler temin edilmektedir. Ayr\u0131ca binalar\u0131n g\u00fc\u00e7lendirilmesi i\u00e7in gerekli i\u015f\u00e7ilik \u00e7al\u0131\u015fmalar\u0131 da y\u00fcr\u00fct\u00fclmektedir.<\/p>\n<p>Kaman il\u00e7e merkezindeki binalar\u0131n g\u00fc\u00e7lendirilmesi i\u00e7in harcanan para ise binan\u0131n b\u00fcy\u00fckl\u00fc\u011f\u00fcne ve yap\u0131s\u0131na g\u00f6re de\u011fi\u015fmektedir. Ancak ortalama olarak bir binan\u0131n g\u00fc\u00e7lendirilmesi i\u00e7in 100 bin TL ile 200 bin TL aras\u0131nda bir \u00fccret \u00f6denmektedir.<div id='gallery-1' class='gallery galleryid-1821 gallery-columns-2 gallery-size-large'><figure class='gallery-item'>\n\t\t\t<div class='gallery-icon portrait'>\n\t\t\t\t<a href='https:\/\/kolon-guclendirme.com\/kirsehir\/wp-content\/uploads\/sites\/78\/2023\/09\/kirsehir-Ruhsatsiz-bina-guclendirme-74184.webp'><img loading=\"lazy\" decoding=\"async\" width=\"853\" height=\"1200\" src=\"https:\/\/kolon-guclendirme.com\/kirsehir\/wp-content\/uploads\/sites\/78\/2023\/09\/kirsehir-Ruhsatsiz-bina-guclendirme-74184.webp\" class=\"attachment-large size-large\" alt=\"\" srcset=\"https:\/\/kolon-guclendirme.com\/kirsehir\/wp-content\/uploads\/sites\/78\/2023\/09\/kirsehir-Ruhsatsiz-bina-guclendirme-74184.webp 853w, https:\/\/kolon-guclendirme.com\/kirsehir\/wp-content\/uploads\/sites\/78\/2023\/09\/kirsehir-Ruhsatsiz-bina-guclendirme-74184-768x1080.webp 768w\" sizes=\"(max-width: 853px) 100vw, 853px\" \/><\/a>\n\t\t\t<\/div><\/figure><figure class='gallery-item'>\n\t\t\t<div class='gallery-icon portrait'>\n\t\t\t\t<a href='https:\/\/kolon-guclendirme.com\/kirsehir\/wp-content\/uploads\/sites\/78\/2023\/09\/kirsehir-Bina-Beton-Guclendirme-41329.webp'><img loading=\"lazy\" decoding=\"async\" width=\"853\" height=\"1200\" src=\"https:\/\/kolon-guclendirme.com\/kirsehir\/wp-content\/uploads\/sites\/78\/2023\/09\/kirsehir-Bina-Beton-Guclendirme-41329.webp\" class=\"attachment-large size-large\" alt=\"Akp\u0131nar Frp lif zemin g\u00fc\u00e7lendirme sistemleri\" srcset=\"https:\/\/kolon-guclendirme.com\/kirsehir\/wp-content\/uploads\/sites\/78\/2023\/09\/kirsehir-Bina-Beton-Guclendirme-41329.webp 853w, https:\/\/kolon-guclendirme.com\/kirsehir\/wp-content\/uploads\/sites\/78\/2023\/09\/kirsehir-Bina-Beton-Guclendirme-41329-768x1080.webp 768w\" sizes=\"(max-width: 853px) 100vw, 853px\" \/><\/a>\n\t\t\t<\/div><\/figure>\n\t\t<\/div>\n<\/p>\n","protected":false},"excerpt":{"rendered":"<p>Kaman, K\u0131r\u015fehir&#8217;in en b\u00fcy\u00fck ikinci il\u00e7esidir. \u0130l\u00e7e 1985 y\u0131l\u0131nda merkez il\u00e7eden ayr\u0131larak il\u00e7e olmu\u015ftur. Kaman il\u00e7e merkezinde 37 bin ki\u015fi, il\u00e7eye ba\u011fl\u0131 13 k\u00f6yde 10 bin ki\u015fi ya\u015famaktad\u0131r. Kaman il\u00e7e &#8230;<\/p>\n","protected":false},"author":1,"featured_media":1521,"comment_status":"closed","ping_status":"open","sticky":false,"template":"","format":"standard","meta":{"footnotes":""},"categories":[144],"tags":[82,84,169,100,170],"_links":{"self":[{"href":"https:\/\/kolon-guclendirme.com\/kirsehir\/wp-json\/wp\/v2\/posts\/1821"}],"collection":[{"href":"https:\/\/kolon-guclendirme.com\/kirsehir\/wp-json\/wp\/v2\/posts"}],"about":[{"href":"https:\/\/kolon-guclendirme.com\/kirsehir\/wp-json\/wp\/v2\/types\/post"}],"author":[{"embeddable":true,"href":"https:\/\/kolon-guclendirme.com\/kirsehir\/wp-json\/wp\/v2\/users\/1"}],"replies":[{"embeddable":true,"href":"https:\/\/kolon-guclendirme.com\/kirsehir\/wp-json\/wp\/v2\/comments?post=1821"}],"version-history":[{"count":1,"href":"https:\/\/kolon-guclendirme.com\/kirsehir\/wp-json\/wp\/v2\/posts\/1821\/revisions"}],"predecessor-version":[{"id":1822,"href":"https:\/\/kolon-guclendirme.com\/kirsehir\/wp-json\/wp\/v2\/posts\/1821\/revisions\/1822"}],"wp:featuredmedia":[{"embeddable":true,"href":"https:\/\/kolon-guclendirme.com\/kirsehir\/wp-json\/wp\/v2\/media\/1521"}],"wp:attachment":[{"href":"https:\/\/kolon-guclendirme.com\/kirsehir\/wp-json\/wp\/v2\/media?parent=1821"}],"wp:term":[{"taxonomy":"category","embeddable":true,"href":"https:\/\/kolon-guclendirme.com\/kirsehir\/wp-json\/wp\/v2\/categories?post=1821"},{"taxonomy":"post_tag","embeddable":true,"href":"https:\/\/kolon-guclendirme.com\/kirsehir\/wp-json\/wp\/v2\/tags?post=1821"}],"curies":[{"name":"wp","href":"https:\/\/api.w.org\/{rel}","templated":true}]}}