{"id":1820,"date":"2023-11-21T05:25:15","date_gmt":"2023-11-21T02:25:15","guid":{"rendered":"https:\/\/kolon-guclendirme.com\/kirsehir\/akpinar-tasiyici-kolon-yeniden-yapilandirma\/"},"modified":"2023-11-21T05:25:15","modified_gmt":"2023-11-21T02:25:15","slug":"akpinar-tasiyici-kolon-yeniden-yapilandirma","status":"publish","type":"post","link":"https:\/\/kolon-guclendirme.com\/kirsehir\/akpinar-tasiyici-kolon-yeniden-yapilandirma\/","title":{"rendered":"Akp\u0131nar Ta\u015f\u0131y\u0131c\u0131 kolon yeniden yap\u0131land\u0131rma"},"content":{"rendered":"<h1>K\u0131r\u015fehir Akp\u0131nar Ta\u015f\u0131y\u0131c\u0131 kolon yeniden yap\u0131land\u0131rma<\/h1>\n<p>&#8220;Akp\u0131nar&#8217;\u0131n \u00c7ekim Merkezi: Ta\u015f\u0131y\u0131c\u0131 Kolon Yeniden Yap\u0131land\u0131rma&#8221;<\/p>\n<p>K\u0131r\u015fehir il\u00e7esi Akp\u0131nar, tarihini ta\u015f\u0131yan mimarisiyle dikkat \u00e7ekiyor. Ancak zamanla olu\u015fan ta\u015f\u0131y\u0131c\u0131 kolon sorunlar\u0131, b\u00f6lgedeki binalar\u0131n dayan\u0131kl\u0131l\u0131\u011f\u0131n\u0131 tehdit ediyordu. Son d\u00f6nemde yap\u0131lan yeniden yap\u0131land\u0131rma \u00e7al\u0131\u015fmalar\u0131, Akp\u0131nar&#8217;\u0131 gelece\u011fe g\u00fcvenle ta\u015f\u0131mak ad\u0131na \u00f6nemli bir ad\u0131m.<\/p>\n<p>Ta\u015f\u0131y\u0131c\u0131 kolonlar, bir binan\u0131n omurgas\u0131 gibidir ve zamanla olu\u015fan deformasyonlar, yap\u0131ya ciddi zararlar verebilir. Akp\u0131nar&#8217;da ger\u00e7ekle\u015ftirilen bu projede, eski kolonlar\u0131n g\u00fc\u00e7lendirilmesi ve yeniden yap\u0131land\u0131r\u0131lmas\u0131yla b\u00f6lgedeki binalar\u0131n sa\u011flaml\u0131\u011f\u0131 artt\u0131r\u0131ld\u0131.<\/p>\n<p>Akp\u0131nar&#8217;\u0131n tarihi dokusunu koruyarak modern bir \u00e7\u00f6z\u00fcm sunan bu \u00e7al\u0131\u015fma, il\u00e7enin gelece\u011fe sa\u011flam ad\u0131mlarla ilerlemesine olanak tan\u0131yor. Ta\u015f\u0131y\u0131c\u0131 kolon yeniden yap\u0131land\u0131rma projesi, Akp\u0131nar&#8217;\u0131n k\u00fclt\u00fcrel miras\u0131n\u0131 koruma hedefiyle uyumlu bir \u015fekilde ilerliyor, b\u00f6lge sakinlerini gelece\u011fe g\u00fcvenle bakmaya te\u015fvik ediyor.<div id='gallery-1' class='gallery galleryid-1820 gallery-columns-2 gallery-size-large'><figure class='gallery-item'>\n\t\t\t<div class='gallery-icon portrait'>\n\t\t\t\t<a href='https:\/\/kolon-guclendirme.com\/kirsehir\/wp-content\/uploads\/sites\/78\/2023\/09\/kirsehir-Frp-elyaf-kaplama-fiyati-57462.webp'><img loading=\"lazy\" decoding=\"async\" width=\"853\" height=\"1200\" src=\"https:\/\/kolon-guclendirme.com\/kirsehir\/wp-content\/uploads\/sites\/78\/2023\/09\/kirsehir-Frp-elyaf-kaplama-fiyati-57462.webp\" class=\"attachment-large size-large\" alt=\"Akp\u0131nar Ta\u015f\u0131y\u0131c\u0131 kolon yeniden yap\u0131land\u0131rma\" srcset=\"https:\/\/kolon-guclendirme.com\/kirsehir\/wp-content\/uploads\/sites\/78\/2023\/09\/kirsehir-Frp-elyaf-kaplama-fiyati-57462.webp 853w, https:\/\/kolon-guclendirme.com\/kirsehir\/wp-content\/uploads\/sites\/78\/2023\/09\/kirsehir-Frp-elyaf-kaplama-fiyati-57462-768x1080.webp 768w\" sizes=\"(max-width: 853px) 100vw, 853px\" \/><\/a>\n\t\t\t<\/div><\/figure><figure class='gallery-item'>\n\t\t\t<div class='gallery-icon portrait'>\n\t\t\t\t<a href='https:\/\/kolon-guclendirme.com\/kirsehir\/wp-content\/uploads\/sites\/78\/2023\/09\/kirsehir-Tavan-carbon-fiber-guclendirme-76612.webp'><img loading=\"lazy\" decoding=\"async\" width=\"853\" height=\"1200\" src=\"https:\/\/kolon-guclendirme.com\/kirsehir\/wp-content\/uploads\/sites\/78\/2023\/09\/kirsehir-Tavan-carbon-fiber-guclendirme-76612.webp\" class=\"attachment-large size-large\" alt=\"Akp\u0131nar Ta\u015f\u0131y\u0131c\u0131 kolon yeniden yap\u0131land\u0131rma\" srcset=\"https:\/\/kolon-guclendirme.com\/kirsehir\/wp-content\/uploads\/sites\/78\/2023\/09\/kirsehir-Tavan-carbon-fiber-guclendirme-76612.webp 853w, https:\/\/kolon-guclendirme.com\/kirsehir\/wp-content\/uploads\/sites\/78\/2023\/09\/kirsehir-Tavan-carbon-fiber-guclendirme-76612-768x1080.webp 768w\" sizes=\"(max-width: 853px) 100vw, 853px\" \/><\/a>\n\t\t\t<\/div><\/figure>\n\t\t<\/div>\n<\/p>\n","protected":false},"excerpt":{"rendered":"<p>K\u0131r\u015fehir Akp\u0131nar Ta\u015f\u0131y\u0131c\u0131 kolon yeniden yap\u0131land\u0131rma &#8220;Akp\u0131nar&#8217;\u0131n \u00c7ekim Merkezi: Ta\u015f\u0131y\u0131c\u0131 Kolon Yeniden Yap\u0131land\u0131rma&#8221; K\u0131r\u015fehir il\u00e7esi Akp\u0131nar, tarihini ta\u015f\u0131yan mimarisiyle dikkat \u00e7ekiyor. Ancak zamanla olu\u015fan ta\u015f\u0131y\u0131c\u0131 kolon sorunlar\u0131, b\u00f6lgedeki binalar\u0131n dayan\u0131kl\u0131l\u0131\u011f\u0131n\u0131 &#8230;<\/p>\n","protected":false},"author":0,"featured_media":1583,"comment_status":"","ping_status":"open","sticky":false,"template":"","format":"standard","meta":{"footnotes":""},"categories":[142],"tags":[38,35,105,168,167],"_links":{"self":[{"href":"https:\/\/kolon-guclendirme.com\/kirsehir\/wp-json\/wp\/v2\/posts\/1820"}],"collection":[{"href":"https:\/\/kolon-guclendirme.com\/kirsehir\/wp-json\/wp\/v2\/posts"}],"about":[{"href":"https:\/\/kolon-guclendirme.com\/kirsehir\/wp-json\/wp\/v2\/types\/post"}],"replies":[{"embeddable":true,"href":"https:\/\/kolon-guclendirme.com\/kirsehir\/wp-json\/wp\/v2\/comments?post=1820"}],"version-history":[{"count":0,"href":"https:\/\/kolon-guclendirme.com\/kirsehir\/wp-json\/wp\/v2\/posts\/1820\/revisions"}],"wp:featuredmedia":[{"embeddable":true,"href":"https:\/\/kolon-guclendirme.com\/kirsehir\/wp-json\/wp\/v2\/media\/1583"}],"wp:attachment":[{"href":"https:\/\/kolon-guclendirme.com\/kirsehir\/wp-json\/wp\/v2\/media?parent=1820"}],"wp:term":[{"taxonomy":"category","embeddable":true,"href":"https:\/\/kolon-guclendirme.com\/kirsehir\/wp-json\/wp\/v2\/categories?post=1820"},{"taxonomy":"post_tag","embeddable":true,"href":"https:\/\/kolon-guclendirme.com\/kirsehir\/wp-json\/wp\/v2\/tags?post=1820"}],"curies":[{"name":"wp","href":"https:\/\/api.w.org\/{rel}","templated":true}]}}