{"id":1818,"date":"2023-11-18T05:25:10","date_gmt":"2023-11-18T02:25:10","guid":{"rendered":"https:\/\/kolon-guclendirme.com\/kirsehir\/akpinar-carbon-elyaf-teras-guclendirme-malzemesi\/"},"modified":"2023-11-18T05:25:10","modified_gmt":"2023-11-18T02:25:10","slug":"akpinar-carbon-elyaf-teras-guclendirme-malzemesi","status":"publish","type":"post","link":"https:\/\/kolon-guclendirme.com\/kirsehir\/akpinar-carbon-elyaf-teras-guclendirme-malzemesi\/","title":{"rendered":"Akp\u0131nar Carbon elyaf teras g\u00fc\u00e7lendirme malzemesi"},"content":{"rendered":"<h1>K\u0131r\u015fehir Akp\u0131nar Carbon elyaf teras g\u00fc\u00e7lendirme malzemesi<\/h1>\n<p>**Ba\u015fl\u0131k: Akp\u0131nar&#8217;da \u0130novatif \u00c7\u00f6z\u00fcm: Carbon Elyaf Teras G\u00fc\u00e7lendirmesi**<\/p>\n<p>K\u0131r\u015fehir il\u00e7esi Akp\u0131nar, tarihi ve do\u011fal g\u00fczellikleriyle \u00f6n plana \u00e7\u0131karken, binalar\u0131n\u0131n dayan\u0131kl\u0131l\u0131\u011f\u0131n\u0131 art\u0131rmak i\u00e7in karbon elyaf teras g\u00fc\u00e7lendirmesi olduk\u00e7a etkili bir \u00e7\u00f6z\u00fcm sunuyor. Bu modern malzeme, hafifli\u011fi ve y\u00fcksek mukavemetiyle \u00f6ne \u00e7\u0131k\u0131yor.<\/p>\n<p>Kararl\u0131 iklim ko\u015fullar\u0131, Akp\u0131nar&#8217;da binalar\u0131n teraslar\u0131n\u0131 zamanla y\u0131prat\u0131yor. Karbon elyaf teras g\u00fc\u00e7lendirmesi, \u00e7atlamalar\u0131 onar\u0131yor ve binan\u0131n \u00f6mr\u00fcn\u00fc uzat\u0131yor. Ayn\u0131 zamanda, geleneksel g\u00fc\u00e7lendirme y\u00f6ntemlerine g\u00f6re daha h\u0131zl\u0131 uygulanabilmesiyle de dikkat \u00e7ekiyor.<\/p>\n<p>Akp\u0131narl\u0131lar i\u00e7in bu \u00e7\u00f6z\u00fcm, dayan\u0131kl\u0131l\u0131\u011f\u0131 ve esteti\u011fi bir araya getirerek binalar\u0131n\u0131 gelece\u011fe ta\u015f\u0131man\u0131n bir yolu olabilir. Carbon elyaf teras g\u00fc\u00e7lendirmesiyle ilgili daha fazla bilgi i\u00e7in yerel uzmanlardan destek alabilir ve yap\u0131lar\u0131n\u0131z\u0131 modernle\u015ftirebilirsiniz.<div id='gallery-1' class='gallery galleryid-1818 gallery-columns-2 gallery-size-large'><figure class='gallery-item'>\n\t\t\t<div class='gallery-icon portrait'>\n\t\t\t\t<a href='https:\/\/kolon-guclendirme.com\/kirsehir\/wp-content\/uploads\/sites\/78\/2023\/09\/kirsehir-Bina-guclendirme-ne-kadar-surer-68394.webp'><img loading=\"lazy\" decoding=\"async\" width=\"853\" height=\"1200\" src=\"https:\/\/kolon-guclendirme.com\/kirsehir\/wp-content\/uploads\/sites\/78\/2023\/09\/kirsehir-Bina-guclendirme-ne-kadar-surer-68394.webp\" class=\"attachment-large size-large\" alt=\"Akp\u0131nar Carbon elyaf teras g\u00fc\u00e7lendirme malzemesi\" srcset=\"https:\/\/kolon-guclendirme.com\/kirsehir\/wp-content\/uploads\/sites\/78\/2023\/09\/kirsehir-Bina-guclendirme-ne-kadar-surer-68394.webp 853w, https:\/\/kolon-guclendirme.com\/kirsehir\/wp-content\/uploads\/sites\/78\/2023\/09\/kirsehir-Bina-guclendirme-ne-kadar-surer-68394-768x1080.webp 768w\" sizes=\"(max-width: 853px) 100vw, 853px\" \/><\/a>\n\t\t\t<\/div><\/figure><figure class='gallery-item'>\n\t\t\t<div class='gallery-icon portrait'>\n\t\t\t\t<a href='https:\/\/kolon-guclendirme.com\/kirsehir\/wp-content\/uploads\/sites\/78\/2023\/09\/kirsehir-Betonarme-kiris-guclendirme-ustasi-56339.webp'><img loading=\"lazy\" decoding=\"async\" width=\"853\" height=\"1200\" src=\"https:\/\/kolon-guclendirme.com\/kirsehir\/wp-content\/uploads\/sites\/78\/2023\/09\/kirsehir-Betonarme-kiris-guclendirme-ustasi-56339.webp\" class=\"attachment-large size-large\" alt=\"Akp\u0131nar Carbon elyaf teras g\u00fc\u00e7lendirme malzemesi\" srcset=\"https:\/\/kolon-guclendirme.com\/kirsehir\/wp-content\/uploads\/sites\/78\/2023\/09\/kirsehir-Betonarme-kiris-guclendirme-ustasi-56339.webp 853w, https:\/\/kolon-guclendirme.com\/kirsehir\/wp-content\/uploads\/sites\/78\/2023\/09\/kirsehir-Betonarme-kiris-guclendirme-ustasi-56339-768x1080.webp 768w\" sizes=\"(max-width: 853px) 100vw, 853px\" \/><\/a>\n\t\t\t<\/div><\/figure>\n\t\t<\/div>\n<\/p>\n","protected":false},"excerpt":{"rendered":"<p>K\u0131r\u015fehir Akp\u0131nar Carbon elyaf teras g\u00fc\u00e7lendirme malzemesi **Ba\u015fl\u0131k: Akp\u0131nar&#8217;da \u0130novatif \u00c7\u00f6z\u00fcm: Carbon Elyaf Teras G\u00fc\u00e7lendirmesi** K\u0131r\u015fehir il\u00e7esi Akp\u0131nar, tarihi ve do\u011fal g\u00fczellikleriyle \u00f6n plana \u00e7\u0131karken, binalar\u0131n\u0131n dayan\u0131kl\u0131l\u0131\u011f\u0131n\u0131 art\u0131rmak i\u00e7in karbon &#8230;<\/p>\n","protected":false},"author":0,"featured_media":1518,"comment_status":"","ping_status":"open","sticky":false,"template":"","format":"standard","meta":{"footnotes":""},"categories":[142],"tags":[38,29,32,3,45],"_links":{"self":[{"href":"https:\/\/kolon-guclendirme.com\/kirsehir\/wp-json\/wp\/v2\/posts\/1818"}],"collection":[{"href":"https:\/\/kolon-guclendirme.com\/kirsehir\/wp-json\/wp\/v2\/posts"}],"about":[{"href":"https:\/\/kolon-guclendirme.com\/kirsehir\/wp-json\/wp\/v2\/types\/post"}],"replies":[{"embeddable":true,"href":"https:\/\/kolon-guclendirme.com\/kirsehir\/wp-json\/wp\/v2\/comments?post=1818"}],"version-history":[{"count":0,"href":"https:\/\/kolon-guclendirme.com\/kirsehir\/wp-json\/wp\/v2\/posts\/1818\/revisions"}],"wp:featuredmedia":[{"embeddable":true,"href":"https:\/\/kolon-guclendirme.com\/kirsehir\/wp-json\/wp\/v2\/media\/1518"}],"wp:attachment":[{"href":"https:\/\/kolon-guclendirme.com\/kirsehir\/wp-json\/wp\/v2\/media?parent=1818"}],"wp:term":[{"taxonomy":"category","embeddable":true,"href":"https:\/\/kolon-guclendirme.com\/kirsehir\/wp-json\/wp\/v2\/categories?post=1818"},{"taxonomy":"post_tag","embeddable":true,"href":"https:\/\/kolon-guclendirme.com\/kirsehir\/wp-json\/wp\/v2\/tags?post=1818"}],"curies":[{"name":"wp","href":"https:\/\/api.w.org\/{rel}","templated":true}]}}