{"id":1788,"date":"2023-10-05T05:25:09","date_gmt":"2023-10-05T02:25:09","guid":{"rendered":"https:\/\/kolon-guclendirme.com\/kirsehir\/cicekdagi-kompozit-malzemelerle-guclendirme\/"},"modified":"2023-10-05T05:25:09","modified_gmt":"2023-10-05T02:25:09","slug":"cicekdagi-kompozit-malzemelerle-guclendirme","status":"publish","type":"post","link":"https:\/\/kolon-guclendirme.com\/kirsehir\/cicekdagi-kompozit-malzemelerle-guclendirme\/","title":{"rendered":"\u00c7i\u00e7ekda\u011f\u0131 Kompozit malzemelerle g\u00fc\u00e7lendirme"},"content":{"rendered":"<h1>K\u0131r\u015fehir \u00c7i\u00e7ekda\u011f\u0131 Kompozit malzemelerle g\u00fc\u00e7lendirme<\/h1>\n<p>\u00c7i\u00e7ekda\u011f\u0131, K\u0131r\u015fehir il\u00e7esi sakinlerinin g\u00fcnl\u00fck ya\u015fam\u0131n\u0131 etkileyen bir b\u00f6lge. Bu yaz\u0131da, bu il\u00e7eyi kompozit malzemelerle g\u00fc\u00e7lendirmenin \u00f6nemine odaklanaca\u011f\u0131m. Binalar ve k\u00f6pr\u00fcler i\u00e7in kullan\u0131lan kompozitler, dayan\u0131kl\u0131l\u0131\u011f\u0131 art\u0131rarak b\u00f6lgeyi do\u011fal afetlere kar\u015f\u0131 korur. Bu sayede, \u00c7i\u00e7ekda\u011f\u0131&#8217;n\u0131n gelece\u011fini g\u00fcvence alt\u0131na al\u0131r\u0131z.<div id='gallery-1' class='gallery galleryid-1788 gallery-columns-2 gallery-size-large'><figure class='gallery-item'>\n\t\t\t<div class='gallery-icon portrait'>\n\t\t\t\t<a href='https:\/\/kolon-guclendirme.com\/kirsehir\/wp-content\/uploads\/sites\/78\/2023\/09\/kirsehir-Frp-kece-yapi-guclendirme-malzemesi-91789.webp'><img loading=\"lazy\" decoding=\"async\" width=\"853\" height=\"1200\" src=\"https:\/\/kolon-guclendirme.com\/kirsehir\/wp-content\/uploads\/sites\/78\/2023\/09\/kirsehir-Frp-kece-yapi-guclendirme-malzemesi-91789.webp\" class=\"attachment-large size-large\" alt=\"\u00c7i\u00e7ekda\u011f\u0131 Kompozit malzemelerle g\u00fc\u00e7lendirme\" srcset=\"https:\/\/kolon-guclendirme.com\/kirsehir\/wp-content\/uploads\/sites\/78\/2023\/09\/kirsehir-Frp-kece-yapi-guclendirme-malzemesi-91789.webp 853w, https:\/\/kolon-guclendirme.com\/kirsehir\/wp-content\/uploads\/sites\/78\/2023\/09\/kirsehir-Frp-kece-yapi-guclendirme-malzemesi-91789-768x1080.webp 768w\" sizes=\"(max-width: 853px) 100vw, 853px\" \/><\/a>\n\t\t\t<\/div><\/figure><figure class='gallery-item'>\n\t\t\t<div class='gallery-icon portrait'>\n\t\t\t\t<a href='https:\/\/kolon-guclendirme.com\/kirsehir\/wp-content\/uploads\/sites\/78\/2023\/09\/kirsehir-Carbon-fiber-bina-guclendirme-ustasi-59506.webp'><img loading=\"lazy\" decoding=\"async\" width=\"853\" height=\"1200\" src=\"https:\/\/kolon-guclendirme.com\/kirsehir\/wp-content\/uploads\/sites\/78\/2023\/09\/kirsehir-Carbon-fiber-bina-guclendirme-ustasi-59506.webp\" class=\"attachment-large size-large\" alt=\"\u00c7i\u00e7ekda\u011f\u0131 Kompozit malzemelerle g\u00fc\u00e7lendirme\" srcset=\"https:\/\/kolon-guclendirme.com\/kirsehir\/wp-content\/uploads\/sites\/78\/2023\/09\/kirsehir-Carbon-fiber-bina-guclendirme-ustasi-59506.webp 853w, https:\/\/kolon-guclendirme.com\/kirsehir\/wp-content\/uploads\/sites\/78\/2023\/09\/kirsehir-Carbon-fiber-bina-guclendirme-ustasi-59506-768x1080.webp 768w\" sizes=\"(max-width: 853px) 100vw, 853px\" \/><\/a>\n\t\t\t<\/div><\/figure>\n\t\t<\/div>\n<\/p>\n","protected":false},"excerpt":{"rendered":"<p>K\u0131r\u015fehir \u00c7i\u00e7ekda\u011f\u0131 Kompozit malzemelerle g\u00fc\u00e7lendirme \u00c7i\u00e7ekda\u011f\u0131, K\u0131r\u015fehir il\u00e7esi sakinlerinin g\u00fcnl\u00fck ya\u015fam\u0131n\u0131 etkileyen bir b\u00f6lge. Bu yaz\u0131da, bu il\u00e7eyi kompozit malzemelerle g\u00fc\u00e7lendirmenin \u00f6nemine odaklanaca\u011f\u0131m. Binalar ve k\u00f6pr\u00fcler i\u00e7in kullan\u0131lan kompozitler, dayan\u0131kl\u0131l\u0131\u011f\u0131 &#8230;<\/p>\n","protected":false},"author":0,"featured_media":1580,"comment_status":"","ping_status":"open","sticky":false,"template":"","format":"standard","meta":{"footnotes":""},"categories":[116],"tags":[96,3,33,133,132],"_links":{"self":[{"href":"https:\/\/kolon-guclendirme.com\/kirsehir\/wp-json\/wp\/v2\/posts\/1788"}],"collection":[{"href":"https:\/\/kolon-guclendirme.com\/kirsehir\/wp-json\/wp\/v2\/posts"}],"about":[{"href":"https:\/\/kolon-guclendirme.com\/kirsehir\/wp-json\/wp\/v2\/types\/post"}],"replies":[{"embeddable":true,"href":"https:\/\/kolon-guclendirme.com\/kirsehir\/wp-json\/wp\/v2\/comments?post=1788"}],"version-history":[{"count":0,"href":"https:\/\/kolon-guclendirme.com\/kirsehir\/wp-json\/wp\/v2\/posts\/1788\/revisions"}],"wp:featuredmedia":[{"embeddable":true,"href":"https:\/\/kolon-guclendirme.com\/kirsehir\/wp-json\/wp\/v2\/media\/1580"}],"wp:attachment":[{"href":"https:\/\/kolon-guclendirme.com\/kirsehir\/wp-json\/wp\/v2\/media?parent=1788"}],"wp:term":[{"taxonomy":"category","embeddable":true,"href":"https:\/\/kolon-guclendirme.com\/kirsehir\/wp-json\/wp\/v2\/categories?post=1788"},{"taxonomy":"post_tag","embeddable":true,"href":"https:\/\/kolon-guclendirme.com\/kirsehir\/wp-json\/wp\/v2\/tags?post=1788"}],"curies":[{"name":"wp","href":"https:\/\/api.w.org\/{rel}","templated":true}]}}