{"id":1680,"date":"2023-10-01T12:03:22","date_gmt":"2023-10-01T09:03:22","guid":{"rendered":"https:\/\/kolon-guclendirme.com\/kirsehir\/karbon-lif-kiris-guclendirme-fiyati\/"},"modified":"2023-10-01T12:03:23","modified_gmt":"2023-10-01T09:03:23","slug":"karbon-lif-kiris-guclendirme-fiyati","status":"publish","type":"post","link":"https:\/\/kolon-guclendirme.com\/kirsehir\/karbon-lif-kiris-guclendirme-fiyati\/","title":{"rendered":"Karbon lif kiri\u015f g\u00fc\u00e7lendirme fiyat\u0131"},"content":{"rendered":"<p>Karbon lif kiri\u015f g\u00fc\u00e7lendirme fiyat\u0131 Sivas iline ba\u011fl\u0131 bir il\u00e7e olan ve tarih\u00ee zenginlikleriyle \u00f6ne \u00e7\u0131kan Zara il\u00e7esi, modern yap\u0131 g\u00fc\u00e7lendirmelerinde karbon lif kiri\u015f kullan\u0131m\u0131n\u0131n artt\u0131\u011f\u0131 bir b\u00f6lge haline gelmi\u015ftir. Yap\u0131sal g\u00fc\u00e7lendirmeler, binalar\u0131n dayan\u0131kl\u0131l\u0131\u011f\u0131n\u0131 art\u0131rarak deprem riskini azaltmay\u0131 hedefler. Zara il\u00e7esinde karbon lif kiri\u015f g\u00fc\u00e7lendirmesi fiyatlar\u0131, genellikle kullan\u0131lacak malzeme miktar\u0131, i\u015f\u00e7ilik ve projenin karma\u015f\u0131kl\u0131\u011f\u0131na ba\u011fl\u0131 olarak de\u011fi\u015fiklik g\u00f6sterir. Fiyatlar\u0131 etkileyen fakt\u00f6rler aras\u0131nda karbon lif kiri\u015fin kalitesi, uzunlu\u011fu ve montaj s\u00fcreci de bulunmaktad\u0131r. Buna ek olarak, Zara\u2019n\u0131n co\u011frafi konumu ve iklim ko\u015fullar\u0131 da g\u00fc\u00e7lendirme projelerinin maliyetini etkileyebilir. \u00d6zellikle k\u0131\u015f aylar\u0131nda yap\u0131lacak i\u015flemler i\u00e7in ek \u00f6nlemler al\u0131nmas\u0131 gerekebilir, bu da maliyetleri art\u0131rabilir. Karbon lif kiri\u015f g\u00fc\u00e7lendirmesi, dayan\u0131kl\u0131 ve hafif yap\u0131s\u0131yla in\u015faat sekt\u00f6r\u00fcnde tercih edilen bir teknolojidir. Zara il\u00e7esindeki projelerde bu teknolojinin kullan\u0131lmas\u0131, binalar\u0131n uzun \u00f6m\u00fcrl\u00fc olmas\u0131n\u0131 sa\u011flayarak \u00e7evresel s\u00fcrd\u00fcr\u00fclebilirli\u011fi de desteklemektedir. Sonu\u00e7 olarak, Zara il\u00e7esinde karbon lif kiri\u015f g\u00fc\u00e7lendirmesi fiyatlar\u0131, bir dizi fakt\u00f6re ba\u011fl\u0131 olarak de\u011fi\u015fkenlik g\u00f6sterir. Ancak, yap\u0131 g\u00fc\u00e7lendirmelerinde kullan\u0131lan bu teknoloji, binalar\u0131 gelece\u011fe haz\u0131rlamak ve dayan\u0131kl\u0131l\u0131klar\u0131n\u0131 art\u0131rmak i\u00e7in \u00f6nemli bir ad\u0131md\u0131r.<\/p>\n<p>        <!-- \/wp:paragraph --><\/p>\n<div id='gallery-1' class='gallery galleryid-1680 gallery-columns-2 gallery-size-large'><figure class='gallery-item'>\n\t\t\t<div class='gallery-icon portrait'>\n\t\t\t\t<a href='https:\/\/kolon-guclendirme.com\/kirsehir\/wp-content\/uploads\/sites\/78\/2023\/09\/kirsehir-Zemin-frp-lif-guclendirme-fiyatlari-89222.webp'><img loading=\"lazy\" decoding=\"async\" width=\"853\" height=\"1200\" src=\"https:\/\/kolon-guclendirme.com\/kirsehir\/wp-content\/uploads\/sites\/78\/2023\/09\/kirsehir-Zemin-frp-lif-guclendirme-fiyatlari-89222.webp\" class=\"attachment-large size-large\" alt=\"Mucur Yap\u0131sal tasar\u0131m\" srcset=\"https:\/\/kolon-guclendirme.com\/kirsehir\/wp-content\/uploads\/sites\/78\/2023\/09\/kirsehir-Zemin-frp-lif-guclendirme-fiyatlari-89222.webp 853w, https:\/\/kolon-guclendirme.com\/kirsehir\/wp-content\/uploads\/sites\/78\/2023\/09\/kirsehir-Zemin-frp-lif-guclendirme-fiyatlari-89222-768x1080.webp 768w\" sizes=\"(max-width: 853px) 100vw, 853px\" \/><\/a>\n\t\t\t<\/div><\/figure><figure class='gallery-item'>\n\t\t\t<div class='gallery-icon portrait'>\n\t\t\t\t<a href='https:\/\/kolon-guclendirme.com\/kirsehir\/wp-content\/uploads\/sites\/78\/2023\/09\/kirsehir-Bina-frp-fiber-guclendirme-fiyatlari-11126.webp'><img loading=\"lazy\" decoding=\"async\" width=\"853\" height=\"1200\" src=\"https:\/\/kolon-guclendirme.com\/kirsehir\/wp-content\/uploads\/sites\/78\/2023\/09\/kirsehir-Bina-frp-fiber-guclendirme-fiyatlari-11126.webp\" class=\"attachment-large size-large\" alt=\"Mucur Karbonla kolon g\u00fc\u00e7lendirme\" srcset=\"https:\/\/kolon-guclendirme.com\/kirsehir\/wp-content\/uploads\/sites\/78\/2023\/09\/kirsehir-Bina-frp-fiber-guclendirme-fiyatlari-11126.webp 853w, https:\/\/kolon-guclendirme.com\/kirsehir\/wp-content\/uploads\/sites\/78\/2023\/09\/kirsehir-Bina-frp-fiber-guclendirme-fiyatlari-11126-768x1080.webp 768w\" sizes=\"(max-width: 853px) 100vw, 853px\" \/><\/a>\n\t\t\t<\/div><\/figure>\n\t\t<\/div>\n\n","protected":false},"excerpt":{"rendered":"<p>Karbon lif kiri\u015f g\u00fc\u00e7lendirme fiyat\u0131 Sivas iline ba\u011fl\u0131 bir il\u00e7e olan ve tarih\u00ee zenginlikleriyle \u00f6ne \u00e7\u0131kan Zara il\u00e7esi, modern yap\u0131 g\u00fc\u00e7lendirmelerinde karbon lif kiri\u015f kullan\u0131m\u0131n\u0131n artt\u0131\u011f\u0131 bir b\u00f6lge haline gelmi\u015ftir. &#8230;<\/p>\n","protected":false},"author":0,"featured_media":1596,"comment_status":"closed","ping_status":"open","sticky":false,"template":"","format":"standard","meta":{"footnotes":""},"categories":[1],"tags":[13,3,11,10,12,14],"_links":{"self":[{"href":"https:\/\/kolon-guclendirme.com\/kirsehir\/wp-json\/wp\/v2\/posts\/1680"}],"collection":[{"href":"https:\/\/kolon-guclendirme.com\/kirsehir\/wp-json\/wp\/v2\/posts"}],"about":[{"href":"https:\/\/kolon-guclendirme.com\/kirsehir\/wp-json\/wp\/v2\/types\/post"}],"replies":[{"embeddable":true,"href":"https:\/\/kolon-guclendirme.com\/kirsehir\/wp-json\/wp\/v2\/comments?post=1680"}],"version-history":[{"count":1,"href":"https:\/\/kolon-guclendirme.com\/kirsehir\/wp-json\/wp\/v2\/posts\/1680\/revisions"}],"predecessor-version":[{"id":1681,"href":"https:\/\/kolon-guclendirme.com\/kirsehir\/wp-json\/wp\/v2\/posts\/1680\/revisions\/1681"}],"wp:featuredmedia":[{"embeddable":true,"href":"https:\/\/kolon-guclendirme.com\/kirsehir\/wp-json\/wp\/v2\/media\/1596"}],"wp:attachment":[{"href":"https:\/\/kolon-guclendirme.com\/kirsehir\/wp-json\/wp\/v2\/media?parent=1680"}],"wp:term":[{"taxonomy":"category","embeddable":true,"href":"https:\/\/kolon-guclendirme.com\/kirsehir\/wp-json\/wp\/v2\/categories?post=1680"},{"taxonomy":"post_tag","embeddable":true,"href":"https:\/\/kolon-guclendirme.com\/kirsehir\/wp-json\/wp\/v2\/tags?post=1680"}],"curies":[{"name":"wp","href":"https:\/\/api.w.org\/{rel}","templated":true}]}}