{"id":1448,"date":"2023-10-01T12:03:23","date_gmt":"2023-10-01T09:03:23","guid":{"rendered":"https:\/\/kolon-guclendirme.com\/kirsehir\/zemin-frp-fiber-guclendirme-firmalari\/"},"modified":"2023-10-01T12:03:23","modified_gmt":"2023-10-01T09:03:23","slug":"zemin-frp-fiber-guclendirme-firmalari","status":"publish","type":"post","link":"https:\/\/kolon-guclendirme.com\/kirsehir\/zemin-frp-fiber-guclendirme-firmalari\/","title":{"rendered":"Zemin frp fiber g\u00fc\u00e7lendirme firmalar\u0131"},"content":{"rendered":"<p>Zemin frp fiber g\u00fc\u00e7lendirme firmalar\u0131 Sivas ilinin merkez il\u00e7esi olan Merkez il\u00e7esi, tarih\u00ee dokusu ve k\u00fclt\u00fcrel zenginlikleriyle \u00f6n plana \u00e7\u0131kar. Ancak, zamanla altyap\u0131 ihtiya\u00e7lar\u0131 da de\u011fi\u015fim g\u00f6sterir. Zemin frp fiber g\u00fc\u00e7lendirme, binalar\u0131n dayan\u0131kl\u0131l\u0131\u011f\u0131n\u0131 art\u0131rmak i\u00e7in etkili bir \u00e7\u00f6z\u00fcmd\u00fcr. Sivas\u2019\u0131n Merkez il\u00e7esinde bu alanda faaliyet g\u00f6steren firmalar aras\u0131nda \u00f6ne \u00e7\u0131kan isimlere bir g\u00f6z atal\u0131m. \u00d6ncelikle, Firma A, uzun y\u0131llard\u0131r zemin frp fiber g\u00fc\u00e7lendirme projelerinde deneyim kazanm\u0131\u015f bir firma olarak bilinir. Kaliteli malzemeler ve uzman ekip kadrosuyla projelerini ger\u00e7ekle\u015ftirmektedir. Di\u011fer bir \u00f6nemli firma ise Firma B. Yenilik\u00e7i yakla\u015f\u0131mlar\u0131yla bilinen bu firma, modern teknolojiyi kullanarak zemin g\u00fc\u00e7lendirme \u00e7al\u0131\u015fmalar\u0131n\u0131 etkin bir \u015fekilde s\u00fcrd\u00fcrmektedir. Ayr\u0131ca, Firma C da Merkez il\u00e7esinde \u00f6ne \u00e7\u0131kan frp fiber g\u00fc\u00e7lendirme firmalar\u0131ndan biridir. Proje s\u00fcre\u00e7lerinde m\u00fc\u015fteri memnuniyetini \u00f6n planda tutan firma, ba\u015far\u0131l\u0131 referanslara sahiptir. Merkez il\u00e7esindeki bu firmalar, zemin frp fiber g\u00fc\u00e7lendirme konusunda \u00e7e\u015fitli projelere imza atm\u0131\u015f ve b\u00f6lgeye katk\u0131da bulunmu\u015ftur. Kaliteli hizmet anlay\u0131\u015flar\u0131yla bilinen bu firmalar, yap\u0131lar\u0131n dayan\u0131kl\u0131l\u0131\u011f\u0131n\u0131 art\u0131rarak \u00e7evresel etkilere kar\u015f\u0131 daha diren\u00e7li hale getirmektedir. Sivas Merkez il\u00e7esinde zemin frp fiber g\u00fc\u00e7lendirme ihtiyac\u0131 olanlar, bu g\u00fcvenilir firmalarla ileti\u015fime ge\u00e7erek profesyonel \u00e7\u00f6z\u00fcmler elde edebilirler.<\/p>\n<p>        <!-- \/wp:paragraph --><\/p>\n<div id='gallery-1' class='gallery galleryid-1448 gallery-columns-2 gallery-size-large'><figure class='gallery-item'>\n\t\t\t<div class='gallery-icon portrait'>\n\t\t\t\t<a href='https:\/\/kolon-guclendirme.com\/kirsehir\/wp-content\/uploads\/sites\/78\/2023\/09\/kirsehir-Frp-lif-tavan-guclendirme-sistemleri-63985.webp'><img loading=\"lazy\" decoding=\"async\" width=\"853\" height=\"1200\" src=\"https:\/\/kolon-guclendirme.com\/kirsehir\/wp-content\/uploads\/sites\/78\/2023\/09\/kirsehir-Frp-lif-tavan-guclendirme-sistemleri-63985.webp\" class=\"attachment-large size-large\" alt=\"\" srcset=\"https:\/\/kolon-guclendirme.com\/kirsehir\/wp-content\/uploads\/sites\/78\/2023\/09\/kirsehir-Frp-lif-tavan-guclendirme-sistemleri-63985.webp 853w, https:\/\/kolon-guclendirme.com\/kirsehir\/wp-content\/uploads\/sites\/78\/2023\/09\/kirsehir-Frp-lif-tavan-guclendirme-sistemleri-63985-768x1080.webp 768w\" sizes=\"(max-width: 853px) 100vw, 853px\" \/><\/a>\n\t\t\t<\/div><\/figure><figure class='gallery-item'>\n\t\t\t<div class='gallery-icon portrait'>\n\t\t\t\t<a href='https:\/\/kolon-guclendirme.com\/kirsehir\/wp-content\/uploads\/sites\/78\/2023\/09\/kirsehir-Carbon-elyaf-kiris-kaplama-malzemesi-86426.webp'><img loading=\"lazy\" decoding=\"async\" width=\"853\" height=\"1200\" src=\"https:\/\/kolon-guclendirme.com\/kirsehir\/wp-content\/uploads\/sites\/78\/2023\/09\/kirsehir-Carbon-elyaf-kiris-kaplama-malzemesi-86426.webp\" class=\"attachment-large size-large\" alt=\"\" srcset=\"https:\/\/kolon-guclendirme.com\/kirsehir\/wp-content\/uploads\/sites\/78\/2023\/09\/kirsehir-Carbon-elyaf-kiris-kaplama-malzemesi-86426.webp 853w, https:\/\/kolon-guclendirme.com\/kirsehir\/wp-content\/uploads\/sites\/78\/2023\/09\/kirsehir-Carbon-elyaf-kiris-kaplama-malzemesi-86426-768x1080.webp 768w\" sizes=\"(max-width: 853px) 100vw, 853px\" \/><\/a>\n\t\t\t<\/div><\/figure>\n\t\t<\/div>\n\n","protected":false},"excerpt":{"rendered":"<p>Zemin frp fiber g\u00fc\u00e7lendirme firmalar\u0131 Sivas ilinin merkez il\u00e7esi olan Merkez il\u00e7esi, tarih\u00ee dokusu ve k\u00fclt\u00fcrel zenginlikleriyle \u00f6n plana \u00e7\u0131kar. Ancak, zamanla altyap\u0131 ihtiya\u00e7lar\u0131 da de\u011fi\u015fim g\u00f6sterir. Zemin frp fiber &#8230;<\/p>\n","protected":false},"author":0,"featured_media":1607,"comment_status":"closed","ping_status":"open","sticky":false,"template":"","format":"standard","meta":{"footnotes":""},"categories":[1],"tags":[4,7,3,5,6],"_links":{"self":[{"href":"https:\/\/kolon-guclendirme.com\/kirsehir\/wp-json\/wp\/v2\/posts\/1448"}],"collection":[{"href":"https:\/\/kolon-guclendirme.com\/kirsehir\/wp-json\/wp\/v2\/posts"}],"about":[{"href":"https:\/\/kolon-guclendirme.com\/kirsehir\/wp-json\/wp\/v2\/types\/post"}],"replies":[{"embeddable":true,"href":"https:\/\/kolon-guclendirme.com\/kirsehir\/wp-json\/wp\/v2\/comments?post=1448"}],"version-history":[{"count":1,"href":"https:\/\/kolon-guclendirme.com\/kirsehir\/wp-json\/wp\/v2\/posts\/1448\/revisions"}],"predecessor-version":[{"id":1682,"href":"https:\/\/kolon-guclendirme.com\/kirsehir\/wp-json\/wp\/v2\/posts\/1448\/revisions\/1682"}],"wp:featuredmedia":[{"embeddable":true,"href":"https:\/\/kolon-guclendirme.com\/kirsehir\/wp-json\/wp\/v2\/media\/1607"}],"wp:attachment":[{"href":"https:\/\/kolon-guclendirme.com\/kirsehir\/wp-json\/wp\/v2\/media?parent=1448"}],"wp:term":[{"taxonomy":"category","embeddable":true,"href":"https:\/\/kolon-guclendirme.com\/kirsehir\/wp-json\/wp\/v2\/categories?post=1448"},{"taxonomy":"post_tag","embeddable":true,"href":"https:\/\/kolon-guclendirme.com\/kirsehir\/wp-json\/wp\/v2\/tags?post=1448"}],"curies":[{"name":"wp","href":"https:\/\/api.w.org\/{rel}","templated":true}]}}