{"id":89,"date":"2023-10-01T11:53:53","date_gmt":"2023-10-01T08:53:53","guid":{"rendered":"https:\/\/kolon-guclendirme.com\/karaman\/karaman-basyayla-karbon-kece-teras-guclendirme-fiyati-4605\/"},"modified":"2023-10-01T11:53:54","modified_gmt":"2023-10-01T08:53:54","slug":"karaman-basyayla-karbon-kece-teras-guclendirme-fiyati-4605","status":"publish","type":"post","link":"https:\/\/kolon-guclendirme.com\/karaman\/karaman-basyayla-karbon-kece-teras-guclendirme-fiyati-4605\/","title":{"rendered":"Karaman Ba\u015fyayla Karbon ke\u00e7e teras g\u00fc\u00e7lendirme fiyat\u0131"},"content":{"rendered":"<p>Karaman Ba\u015fyayla Karbon ke\u00e7e teras g\u00fc\u00e7lendirme fiyat\u0131 4605 Sar\u0131veliler Kolon frp fiber g\u00fc\u00e7lendirme firmalar\u0131 4816, Kaz\u0131mkarabekir Carbon ke\u00e7e zemin g\u00fc\u00e7lendirme yapanlar 8684, Kaz\u0131mkarabekir Carbon elyaf kiri\u015f kaplama firmas\u0131 5755, Ba\u015fyayla Karbon yap\u0131 g\u00fc\u00e7lendirme fiyat\u0131 2310, Ayranc\u0131 Karbon elyaf yap\u0131 g\u00fc\u00e7lendirme 485, Ayranc\u0131 Bina frp g\u00fc\u00e7lendirme malzemesi 3837 Karaman ve Sar\u0131veliler de Hizmet vermekteyiz Karbon Fiber Kolon Kiri\u015f G\u00fc\u00e7lendirme i\u015flerinizde En uygun Fiyat Kaliteli i\u015f\u00e7ilik i\u00e7in 7\/24 Saat Firmam\u0131z ile ileti\u015fime Ge\u00e7ebilirsiniz www.guclendirmefirmasi.com +905427483855<\/p>\n<p>        <!-- \/wp:paragraph --><\/p>\n<div id='gallery-1' class='gallery galleryid-89 gallery-columns-2 gallery-size-large'><figure class='gallery-item'>\n\t\t\t<div class='gallery-icon portrait'>\n\t\t\t\t<a href='https:\/\/kolon-guclendirme.com\/karaman\/wp-content\/uploads\/sites\/65\/2023\/09\/Karaman-karbon-fiber-kompozit-guclendirme-53776.webp'><img loading=\"lazy\" decoding=\"async\" width=\"853\" height=\"1200\" src=\"https:\/\/kolon-guclendirme.com\/karaman\/wp-content\/uploads\/sites\/65\/2023\/09\/Karaman-karbon-fiber-kompozit-guclendirme-53776.webp\" class=\"attachment-large size-large\" alt=\"Ba\u015fyayla Tavan frp elyaf g\u00fc\u00e7lendirme\" srcset=\"https:\/\/kolon-guclendirme.com\/karaman\/wp-content\/uploads\/sites\/65\/2023\/09\/Karaman-karbon-fiber-kompozit-guclendirme-53776.webp 853w, https:\/\/kolon-guclendirme.com\/karaman\/wp-content\/uploads\/sites\/65\/2023\/09\/Karaman-karbon-fiber-kompozit-guclendirme-53776-768x1080.webp 768w\" sizes=\"(max-width: 853px) 100vw, 853px\" \/><\/a>\n\t\t\t<\/div><\/figure><figure class='gallery-item'>\n\t\t\t<div class='gallery-icon portrait'>\n\t\t\t\t<a href='https:\/\/kolon-guclendirme.com\/karaman\/wp-content\/uploads\/sites\/65\/2023\/09\/Karaman-Karbon-fiber-teras-guclendirme-maliyeti-98581.webp'><img loading=\"lazy\" decoding=\"async\" width=\"853\" height=\"1200\" src=\"https:\/\/kolon-guclendirme.com\/karaman\/wp-content\/uploads\/sites\/65\/2023\/09\/Karaman-Karbon-fiber-teras-guclendirme-maliyeti-98581.webp\" class=\"attachment-large size-large\" alt=\"\" srcset=\"https:\/\/kolon-guclendirme.com\/karaman\/wp-content\/uploads\/sites\/65\/2023\/09\/Karaman-Karbon-fiber-teras-guclendirme-maliyeti-98581.webp 853w, https:\/\/kolon-guclendirme.com\/karaman\/wp-content\/uploads\/sites\/65\/2023\/09\/Karaman-Karbon-fiber-teras-guclendirme-maliyeti-98581-768x1080.webp 768w\" sizes=\"(max-width: 853px) 100vw, 853px\" \/><\/a>\n\t\t\t<\/div><\/figure>\n\t\t<\/div>\n\n","protected":false},"excerpt":{"rendered":"<p>Karaman Ba\u015fyayla Karbon ke\u00e7e teras g\u00fc\u00e7lendirme fiyat\u0131 4605 Sar\u0131veliler Kolon frp fiber g\u00fc\u00e7lendirme firmalar\u0131 4816, Kaz\u0131mkarabekir Carbon ke\u00e7e zemin g\u00fc\u00e7lendirme yapanlar 8684, Kaz\u0131mkarabekir Carbon elyaf kiri\u015f kaplama firmas\u0131 5755, Ba\u015fyayla &#8230;<\/p>\n","protected":false},"author":1,"featured_media":1628,"comment_status":"open","ping_status":"open","sticky":false,"template":"","format":"standard","meta":{"footnotes":""},"categories":[1],"tags":[91,42,4,20,21],"_links":{"self":[{"href":"https:\/\/kolon-guclendirme.com\/karaman\/wp-json\/wp\/v2\/posts\/89"}],"collection":[{"href":"https:\/\/kolon-guclendirme.com\/karaman\/wp-json\/wp\/v2\/posts"}],"about":[{"href":"https:\/\/kolon-guclendirme.com\/karaman\/wp-json\/wp\/v2\/types\/post"}],"author":[{"embeddable":true,"href":"https:\/\/kolon-guclendirme.com\/karaman\/wp-json\/wp\/v2\/users\/1"}],"replies":[{"embeddable":true,"href":"https:\/\/kolon-guclendirme.com\/karaman\/wp-json\/wp\/v2\/comments?post=89"}],"version-history":[{"count":1,"href":"https:\/\/kolon-guclendirme.com\/karaman\/wp-json\/wp\/v2\/posts\/89\/revisions"}],"predecessor-version":[{"id":1738,"href":"https:\/\/kolon-guclendirme.com\/karaman\/wp-json\/wp\/v2\/posts\/89\/revisions\/1738"}],"wp:featuredmedia":[{"embeddable":true,"href":"https:\/\/kolon-guclendirme.com\/karaman\/wp-json\/wp\/v2\/media\/1628"}],"wp:attachment":[{"href":"https:\/\/kolon-guclendirme.com\/karaman\/wp-json\/wp\/v2\/media?parent=89"}],"wp:term":[{"taxonomy":"category","embeddable":true,"href":"https:\/\/kolon-guclendirme.com\/karaman\/wp-json\/wp\/v2\/categories?post=89"},{"taxonomy":"post_tag","embeddable":true,"href":"https:\/\/kolon-guclendirme.com\/karaman\/wp-json\/wp\/v2\/tags?post=89"}],"curies":[{"name":"wp","href":"https:\/\/api.w.org\/{rel}","templated":true}]}}