{"id":87,"date":"2023-10-01T11:53:54","date_gmt":"2023-10-01T08:53:54","guid":{"rendered":"https:\/\/kolon-guclendirme.com\/karaman\/karaman-sariveliler-carbon-fiber-bina-kaplama-sistemleri-2615\/"},"modified":"2023-10-01T11:53:55","modified_gmt":"2023-10-01T08:53:55","slug":"karaman-sariveliler-carbon-fiber-bina-kaplama-sistemleri-2615","status":"publish","type":"post","link":"https:\/\/kolon-guclendirme.com\/karaman\/karaman-sariveliler-carbon-fiber-bina-kaplama-sistemleri-2615\/","title":{"rendered":"Karaman Sar\u0131veliler Carbon fiber bina kaplama sistemleri"},"content":{"rendered":"<p>Karaman Sar\u0131veliler Carbon fiber bina kaplama sistemleri 2615 Kaz\u0131mkarabekir 4 katl\u0131 yap\u0131 karbon g\u00fc\u00e7lendirme firmalar\u0131 711, Sar\u0131veliler Frp ke\u00e7e duvar g\u00fc\u00e7lendirme yapanlar 5329, Sar\u0131veliler Frp ke\u00e7e zemin g\u00fc\u00e7lendirme ustas\u0131 4424, Sar\u0131veliler Karbon kuma\u015f epoksi g\u00fc\u00e7lendirme sistemleri 1080, Ba\u015fyayla Duvar karbon lif g\u00fc\u00e7lendirme sistemleri 2711, Ermenek Duvar frp kuma\u015f g\u00fc\u00e7lendirme 5504 Karaman ve Ba\u015fyayla de Hizmet vermekteyiz Karbon Fiber Kolon Kiri\u015f G\u00fc\u00e7lendirme i\u015flerinizde En uygun Fiyat Kaliteli i\u015f\u00e7ilik i\u00e7in 7\/24 Saat Firmam\u0131z ile ileti\u015fime Ge\u00e7ebilirsiniz www.karbonfiberbinaguclendirme.com +905427483855<\/p>\n<p>        <!-- \/wp:paragraph --><\/p>\n<div id='gallery-1' class='gallery galleryid-87 gallery-columns-2 gallery-size-large'><figure class='gallery-item'>\n\t\t\t<div class='gallery-icon portrait'>\n\t\t\t\t<a href='https:\/\/kolon-guclendirme.com\/karaman\/wp-content\/uploads\/sites\/65\/2023\/09\/Karaman-Kiris-frp-lif-kaplama-firmasi-87342.webp'><img loading=\"lazy\" decoding=\"async\" width=\"853\" height=\"1200\" src=\"https:\/\/kolon-guclendirme.com\/karaman\/wp-content\/uploads\/sites\/65\/2023\/09\/Karaman-Kiris-frp-lif-kaplama-firmasi-87342.webp\" class=\"attachment-large size-large\" alt=\"\" srcset=\"https:\/\/kolon-guclendirme.com\/karaman\/wp-content\/uploads\/sites\/65\/2023\/09\/Karaman-Kiris-frp-lif-kaplama-firmasi-87342.webp 853w, https:\/\/kolon-guclendirme.com\/karaman\/wp-content\/uploads\/sites\/65\/2023\/09\/Karaman-Kiris-frp-lif-kaplama-firmasi-87342-768x1080.webp 768w\" sizes=\"(max-width: 853px) 100vw, 853px\" \/><\/a>\n\t\t\t<\/div><\/figure><figure class='gallery-item'>\n\t\t\t<div class='gallery-icon portrait'>\n\t\t\t\t<a href='https:\/\/kolon-guclendirme.com\/karaman\/wp-content\/uploads\/sites\/65\/2023\/09\/Karaman-karbon-elyaf-bina-guclendirme-90330.webp'><img loading=\"lazy\" decoding=\"async\" width=\"853\" height=\"1200\" src=\"https:\/\/kolon-guclendirme.com\/karaman\/wp-content\/uploads\/sites\/65\/2023\/09\/Karaman-karbon-elyaf-bina-guclendirme-90330.webp\" class=\"attachment-large size-large\" alt=\"Karaman karbon elyaf bina guclendirme 90330\" aria-describedby=\"gallery-1-1556\" srcset=\"https:\/\/kolon-guclendirme.com\/karaman\/wp-content\/uploads\/sites\/65\/2023\/09\/Karaman-karbon-elyaf-bina-guclendirme-90330.webp 853w, https:\/\/kolon-guclendirme.com\/karaman\/wp-content\/uploads\/sites\/65\/2023\/09\/Karaman-karbon-elyaf-bina-guclendirme-90330-768x1080.webp 768w\" sizes=\"(max-width: 853px) 100vw, 853px\" \/><\/a>\n\t\t\t<\/div>\n\t\t\t\t<figcaption class='wp-caption-text gallery-caption' id='gallery-1-1556'>\n\t\t\t\tKaraman karbon elyaf bina guclendirme 90330\n\t\t\t\t<\/figcaption><\/figure>\n\t\t<\/div>\n\n","protected":false},"excerpt":{"rendered":"<p>Karaman Sar\u0131veliler Carbon fiber bina kaplama sistemleri 2615 Kaz\u0131mkarabekir 4 katl\u0131 yap\u0131 karbon g\u00fc\u00e7lendirme firmalar\u0131 711, Sar\u0131veliler Frp ke\u00e7e duvar g\u00fc\u00e7lendirme yapanlar 5329, Sar\u0131veliler Frp ke\u00e7e zemin g\u00fc\u00e7lendirme ustas\u0131 4424, &#8230;<\/p>\n","protected":false},"author":1,"featured_media":1647,"comment_status":"open","ping_status":"open","sticky":false,"template":"","format":"standard","meta":{"footnotes":""},"categories":[1],"tags":[5,23,4,35,27],"_links":{"self":[{"href":"https:\/\/kolon-guclendirme.com\/karaman\/wp-json\/wp\/v2\/posts\/87"}],"collection":[{"href":"https:\/\/kolon-guclendirme.com\/karaman\/wp-json\/wp\/v2\/posts"}],"about":[{"href":"https:\/\/kolon-guclendirme.com\/karaman\/wp-json\/wp\/v2\/types\/post"}],"author":[{"embeddable":true,"href":"https:\/\/kolon-guclendirme.com\/karaman\/wp-json\/wp\/v2\/users\/1"}],"replies":[{"embeddable":true,"href":"https:\/\/kolon-guclendirme.com\/karaman\/wp-json\/wp\/v2\/comments?post=87"}],"version-history":[{"count":1,"href":"https:\/\/kolon-guclendirme.com\/karaman\/wp-json\/wp\/v2\/posts\/87\/revisions"}],"predecessor-version":[{"id":1739,"href":"https:\/\/kolon-guclendirme.com\/karaman\/wp-json\/wp\/v2\/posts\/87\/revisions\/1739"}],"wp:featuredmedia":[{"embeddable":true,"href":"https:\/\/kolon-guclendirme.com\/karaman\/wp-json\/wp\/v2\/media\/1647"}],"wp:attachment":[{"href":"https:\/\/kolon-guclendirme.com\/karaman\/wp-json\/wp\/v2\/media?parent=87"}],"wp:term":[{"taxonomy":"category","embeddable":true,"href":"https:\/\/kolon-guclendirme.com\/karaman\/wp-json\/wp\/v2\/categories?post=87"},{"taxonomy":"post_tag","embeddable":true,"href":"https:\/\/kolon-guclendirme.com\/karaman\/wp-json\/wp\/v2\/tags?post=87"}],"curies":[{"name":"wp","href":"https:\/\/api.w.org\/{rel}","templated":true}]}}