{"id":77,"date":"2023-10-01T11:53:58","date_gmt":"2023-10-01T08:53:58","guid":{"rendered":"https:\/\/kolon-guclendirme.com\/karaman\/karaman-ermenek-teras-frp-fiber-kaplama-firmalari-328\/"},"modified":"2023-10-01T11:53:58","modified_gmt":"2023-10-01T08:53:58","slug":"karaman-ermenek-teras-frp-fiber-kaplama-firmalari-328","status":"publish","type":"post","link":"https:\/\/kolon-guclendirme.com\/karaman\/karaman-ermenek-teras-frp-fiber-kaplama-firmalari-328\/","title":{"rendered":"Karaman Ermenek Teras frp fiber kaplama firmalar\u0131"},"content":{"rendered":"<p>Karaman Ermenek Teras frp fiber kaplama firmalar\u0131 328 Sar\u0131veliler Frp lif balkon g\u00fc\u00e7lendirme maliyeti 7336, Kaz\u0131mkarabekir Duvar carbon elyaf g\u00fc\u00e7lendirme 3832, Ayranc\u0131 Frp ke\u00e7e zemin g\u00fc\u00e7lendirme fiyat\u0131 7097, Sar\u0131veliler Kolon karbon lif kaplama fiyatlar\u0131 6363, Ermenek 5 katl\u0131 apartman karbon g\u00fc\u00e7lendirme firmalar\u0131 9842, Ermenek Duvar karbon kaplama malzemesi 6772 Karaman ve Ba\u015fyayla de Hizmet vermekteyiz Karbon Fiber Kolon Kiri\u015f G\u00fc\u00e7lendirme i\u015flerinizde En uygun Fiyat Kaliteli i\u015f\u00e7ilik i\u00e7in 7\/24 Saat Firmam\u0131z ile ileti\u015fime Ge\u00e7ebilirsiniz www.arckarbonguclendirme.com +905427483855<\/p>\n<p>        <!-- \/wp:paragraph --><\/p>\n<div id='gallery-1' class='gallery galleryid-77 gallery-columns-2 gallery-size-large'><figure class='gallery-item'>\n\t\t\t<div class='gallery-icon portrait'>\n\t\t\t\t<a href='https:\/\/kolon-guclendirme.com\/karaman\/wp-content\/uploads\/sites\/65\/2023\/09\/Karaman-Kiris-frp-fiber-kaplama-firmalari-16114.webp'><img loading=\"lazy\" decoding=\"async\" width=\"853\" height=\"1200\" src=\"https:\/\/kolon-guclendirme.com\/karaman\/wp-content\/uploads\/sites\/65\/2023\/09\/Karaman-Kiris-frp-fiber-kaplama-firmalari-16114.webp\" class=\"attachment-large size-large\" alt=\"Ba\u015fyayla Kolon deformasyonu \u00f6nleme\" srcset=\"https:\/\/kolon-guclendirme.com\/karaman\/wp-content\/uploads\/sites\/65\/2023\/09\/Karaman-Kiris-frp-fiber-kaplama-firmalari-16114.webp 853w, https:\/\/kolon-guclendirme.com\/karaman\/wp-content\/uploads\/sites\/65\/2023\/09\/Karaman-Kiris-frp-fiber-kaplama-firmalari-16114-768x1080.webp 768w\" sizes=\"(max-width: 853px) 100vw, 853px\" \/><\/a>\n\t\t\t<\/div><\/figure><figure class='gallery-item'>\n\t\t\t<div class='gallery-icon portrait'>\n\t\t\t\t<a href='https:\/\/kolon-guclendirme.com\/karaman\/wp-content\/uploads\/sites\/65\/2023\/09\/Karaman-Kiris-frp-lif-guclendirme-fiyati-73875.webp'><img loading=\"lazy\" decoding=\"async\" width=\"853\" height=\"1200\" src=\"https:\/\/kolon-guclendirme.com\/karaman\/wp-content\/uploads\/sites\/65\/2023\/09\/Karaman-Kiris-frp-lif-guclendirme-fiyati-73875.webp\" class=\"attachment-large size-large\" alt=\"\" srcset=\"https:\/\/kolon-guclendirme.com\/karaman\/wp-content\/uploads\/sites\/65\/2023\/09\/Karaman-Kiris-frp-lif-guclendirme-fiyati-73875.webp 853w, https:\/\/kolon-guclendirme.com\/karaman\/wp-content\/uploads\/sites\/65\/2023\/09\/Karaman-Kiris-frp-lif-guclendirme-fiyati-73875-768x1080.webp 768w\" sizes=\"(max-width: 853px) 100vw, 853px\" \/><\/a>\n\t\t\t<\/div><\/figure>\n\t\t<\/div>\n\n","protected":false},"excerpt":{"rendered":"<p>Karaman Ermenek Teras frp fiber kaplama firmalar\u0131 328 Sar\u0131veliler Frp lif balkon g\u00fc\u00e7lendirme maliyeti 7336, Kaz\u0131mkarabekir Duvar carbon elyaf g\u00fc\u00e7lendirme 3832, Ayranc\u0131 Frp ke\u00e7e zemin g\u00fc\u00e7lendirme fiyat\u0131 7097, Sar\u0131veliler Kolon &#8230;<\/p>\n","protected":false},"author":1,"featured_media":1643,"comment_status":"open","ping_status":"open","sticky":false,"template":"","format":"standard","meta":{"footnotes":""},"categories":[1],"tags":[48,22,4,12,20],"_links":{"self":[{"href":"https:\/\/kolon-guclendirme.com\/karaman\/wp-json\/wp\/v2\/posts\/77"}],"collection":[{"href":"https:\/\/kolon-guclendirme.com\/karaman\/wp-json\/wp\/v2\/posts"}],"about":[{"href":"https:\/\/kolon-guclendirme.com\/karaman\/wp-json\/wp\/v2\/types\/post"}],"author":[{"embeddable":true,"href":"https:\/\/kolon-guclendirme.com\/karaman\/wp-json\/wp\/v2\/users\/1"}],"replies":[{"embeddable":true,"href":"https:\/\/kolon-guclendirme.com\/karaman\/wp-json\/wp\/v2\/comments?post=77"}],"version-history":[{"count":1,"href":"https:\/\/kolon-guclendirme.com\/karaman\/wp-json\/wp\/v2\/posts\/77\/revisions"}],"predecessor-version":[{"id":1744,"href":"https:\/\/kolon-guclendirme.com\/karaman\/wp-json\/wp\/v2\/posts\/77\/revisions\/1744"}],"wp:featuredmedia":[{"embeddable":true,"href":"https:\/\/kolon-guclendirme.com\/karaman\/wp-json\/wp\/v2\/media\/1643"}],"wp:attachment":[{"href":"https:\/\/kolon-guclendirme.com\/karaman\/wp-json\/wp\/v2\/media?parent=77"}],"wp:term":[{"taxonomy":"category","embeddable":true,"href":"https:\/\/kolon-guclendirme.com\/karaman\/wp-json\/wp\/v2\/categories?post=77"},{"taxonomy":"post_tag","embeddable":true,"href":"https:\/\/kolon-guclendirme.com\/karaman\/wp-json\/wp\/v2\/tags?post=77"}],"curies":[{"name":"wp","href":"https:\/\/api.w.org\/{rel}","templated":true}]}}