{"id":75,"date":"2023-10-01T11:53:58","date_gmt":"2023-10-01T08:53:58","guid":{"rendered":"https:\/\/kolon-guclendirme.com\/karaman\/karaman-kolon-guclendirme-fiyatlari-4987\/"},"modified":"2023-10-01T11:53:59","modified_gmt":"2023-10-01T08:53:59","slug":"karaman-kolon-guclendirme-fiyatlari-4987","status":"publish","type":"post","link":"https:\/\/kolon-guclendirme.com\/karaman\/karaman-kolon-guclendirme-fiyatlari-4987\/","title":{"rendered":"Karaman Kolon g\u00fc\u00e7lendirme fiyatlar\u0131"},"content":{"rendered":"<p>Karaman Kolon g\u00fc\u00e7lendirme fiyatlar\u0131 4987 Kaz\u0131mkarabekir 3 katl\u0131 bina karbon g\u00fc\u00e7lendirme firmalar\u0131 8491, Ba\u015fyayla Karbon bina g\u00fc\u00e7lendirme sistemleri 7988, Sar\u0131veliler Bina frp elyaf g\u00fc\u00e7lendirme ustas\u0131 5753, Ayranc\u0131 Karbon teras g\u00fc\u00e7lendirme fiyat\u0131 5764, Ayranc\u0131 Karbon kuma\u015f epoksi kaplama firmalar\u0131 4819, Sar\u0131veliler Balkon karbon lif kaplama maliyeti 1941 Karaman ve Ermenek de Hizmet vermekteyiz Karbon Fiber Kolon Kiri\u015f G\u00fc\u00e7lendirme i\u015flerinizde En uygun Fiyat Kaliteli i\u015f\u00e7ilik i\u00e7in 7\/24 Saat Firmam\u0131z ile ileti\u015fime Ge\u00e7ebilirsiniz www.karbonfiberbinaguclendirme.com +905427483855<\/p>\n<p>        <!-- \/wp:paragraph --><\/p>\n<div id='gallery-1' class='gallery galleryid-75 gallery-columns-2 gallery-size-large'><figure class='gallery-item'>\n\t\t\t<div class='gallery-icon portrait'>\n\t\t\t\t<a href='https:\/\/kolon-guclendirme.com\/karaman\/wp-content\/uploads\/sites\/65\/2023\/09\/Karaman-Guclendirmeyi-devlet-karsiliyor-mu-92578.webp'><img loading=\"lazy\" decoding=\"async\" width=\"853\" height=\"1200\" src=\"https:\/\/kolon-guclendirme.com\/karaman\/wp-content\/uploads\/sites\/65\/2023\/09\/Karaman-Guclendirmeyi-devlet-karsiliyor-mu-92578.webp\" class=\"attachment-large size-large\" alt=\"\" srcset=\"https:\/\/kolon-guclendirme.com\/karaman\/wp-content\/uploads\/sites\/65\/2023\/09\/Karaman-Guclendirmeyi-devlet-karsiliyor-mu-92578.webp 853w, https:\/\/kolon-guclendirme.com\/karaman\/wp-content\/uploads\/sites\/65\/2023\/09\/Karaman-Guclendirmeyi-devlet-karsiliyor-mu-92578-768x1080.webp 768w\" sizes=\"(max-width: 853px) 100vw, 853px\" \/><\/a>\n\t\t\t<\/div><\/figure><figure class='gallery-item'>\n\t\t\t<div class='gallery-icon portrait'>\n\t\t\t\t<a href='https:\/\/kolon-guclendirme.com\/karaman\/wp-content\/uploads\/sites\/65\/2023\/09\/Karaman-Yapi-carbon-kumas-kaplama-53209.webp'><img loading=\"lazy\" decoding=\"async\" width=\"853\" height=\"1200\" src=\"https:\/\/kolon-guclendirme.com\/karaman\/wp-content\/uploads\/sites\/65\/2023\/09\/Karaman-Yapi-carbon-kumas-kaplama-53209.webp\" class=\"attachment-large size-large\" alt=\"\" srcset=\"https:\/\/kolon-guclendirme.com\/karaman\/wp-content\/uploads\/sites\/65\/2023\/09\/Karaman-Yapi-carbon-kumas-kaplama-53209.webp 853w, https:\/\/kolon-guclendirme.com\/karaman\/wp-content\/uploads\/sites\/65\/2023\/09\/Karaman-Yapi-carbon-kumas-kaplama-53209-768x1080.webp 768w\" sizes=\"(max-width: 853px) 100vw, 853px\" \/><\/a>\n\t\t\t<\/div><\/figure>\n\t\t<\/div>\n\n","protected":false},"excerpt":{"rendered":"<p>Karaman Kolon g\u00fc\u00e7lendirme fiyatlar\u0131 4987 Kaz\u0131mkarabekir 3 katl\u0131 bina karbon g\u00fc\u00e7lendirme firmalar\u0131 8491, Ba\u015fyayla Karbon bina g\u00fc\u00e7lendirme sistemleri 7988, Sar\u0131veliler Bina frp elyaf g\u00fc\u00e7lendirme ustas\u0131 5753, Ayranc\u0131 Karbon teras g\u00fc\u00e7lendirme &#8230;<\/p>\n","protected":false},"author":1,"featured_media":1631,"comment_status":"open","ping_status":"open","sticky":false,"template":"","format":"standard","meta":{"footnotes":""},"categories":[1],"tags":[44,95,4,20,61],"_links":{"self":[{"href":"https:\/\/kolon-guclendirme.com\/karaman\/wp-json\/wp\/v2\/posts\/75"}],"collection":[{"href":"https:\/\/kolon-guclendirme.com\/karaman\/wp-json\/wp\/v2\/posts"}],"about":[{"href":"https:\/\/kolon-guclendirme.com\/karaman\/wp-json\/wp\/v2\/types\/post"}],"author":[{"embeddable":true,"href":"https:\/\/kolon-guclendirme.com\/karaman\/wp-json\/wp\/v2\/users\/1"}],"replies":[{"embeddable":true,"href":"https:\/\/kolon-guclendirme.com\/karaman\/wp-json\/wp\/v2\/comments?post=75"}],"version-history":[{"count":1,"href":"https:\/\/kolon-guclendirme.com\/karaman\/wp-json\/wp\/v2\/posts\/75\/revisions"}],"predecessor-version":[{"id":1745,"href":"https:\/\/kolon-guclendirme.com\/karaman\/wp-json\/wp\/v2\/posts\/75\/revisions\/1745"}],"wp:featuredmedia":[{"embeddable":true,"href":"https:\/\/kolon-guclendirme.com\/karaman\/wp-json\/wp\/v2\/media\/1631"}],"wp:attachment":[{"href":"https:\/\/kolon-guclendirme.com\/karaman\/wp-json\/wp\/v2\/media?parent=75"}],"wp:term":[{"taxonomy":"category","embeddable":true,"href":"https:\/\/kolon-guclendirme.com\/karaman\/wp-json\/wp\/v2\/categories?post=75"},{"taxonomy":"post_tag","embeddable":true,"href":"https:\/\/kolon-guclendirme.com\/karaman\/wp-json\/wp\/v2\/tags?post=75"}],"curies":[{"name":"wp","href":"https:\/\/api.w.org\/{rel}","templated":true}]}}