{"id":45,"date":"2023-10-01T11:54:07","date_gmt":"2023-10-01T08:54:07","guid":{"rendered":"https:\/\/kolon-guclendirme.com\/karaman\/karaman-kolon-guclendirme-maliyeti6100\/"},"modified":"2023-10-01T11:54:08","modified_gmt":"2023-10-01T08:54:08","slug":"karaman-kolon-guclendirme-maliyeti6100","status":"publish","type":"post","link":"https:\/\/kolon-guclendirme.com\/karaman\/karaman-kolon-guclendirme-maliyeti6100\/","title":{"rendered":"Karaman Kolon G\u00fc\u00e7lendirme maliyeti"},"content":{"rendered":"<p>Karaman Kolon G\u00fc\u00e7lendirme maliyeti6100 Sar\u0131veliler Bina zemin g\u00fc\u00e7lendirmesi nas\u0131l yap\u0131l\u0131r 6480, Ba\u015fyayla Karbon ke\u00e7e duvar g\u00fc\u00e7lendirme yapanlar 456, Ayranc\u0131 Carbon ke\u00e7e duvar kaplama yapanlar 3488, Ermenek Zemin karbon fiber kaplama maliyeti 2332, Ermenek Frp lif zemin g\u00fc\u00e7lendirme malzemesi 2986, Kaz\u0131mkarabekir Carbon elyaf balkon kaplama firmalar\u0131 7860 Karaman ve Kaz\u0131mkarabekir de Hizmet vermekteyiz Karbon Fiber Kolon Kiri\u015f G\u00fc\u00e7lendirme i\u015flerinizde En uygun Fiyat Kaliteli i\u015f\u00e7ilik i\u00e7in 7\/24 Saat Firmam\u0131z ile ileti\u015fime Ge\u00e7ebilirsiniz www.karbonguclendirme.com +905427483855<\/p>\n<p>        <!-- \/wp:paragraph --><\/p>\n<div id='gallery-1' class='gallery galleryid-45 gallery-columns-2 gallery-size-large'><figure class='gallery-item'>\n\t\t\t<div class='gallery-icon portrait'>\n\t\t\t\t<a href='https:\/\/kolon-guclendirme.com\/karaman\/wp-content\/uploads\/sites\/65\/2023\/09\/Karaman-Tavan-frp-fiber-kaplama-ustasi-29372.webp'><img loading=\"lazy\" decoding=\"async\" width=\"853\" height=\"1200\" src=\"https:\/\/kolon-guclendirme.com\/karaman\/wp-content\/uploads\/sites\/65\/2023\/09\/Karaman-Tavan-frp-fiber-kaplama-ustasi-29372.webp\" class=\"attachment-large size-large\" alt=\"Sar\u0131veliler Carbon lif bina kaplama fiyat\u0131\" srcset=\"https:\/\/kolon-guclendirme.com\/karaman\/wp-content\/uploads\/sites\/65\/2023\/09\/Karaman-Tavan-frp-fiber-kaplama-ustasi-29372.webp 853w, https:\/\/kolon-guclendirme.com\/karaman\/wp-content\/uploads\/sites\/65\/2023\/09\/Karaman-Tavan-frp-fiber-kaplama-ustasi-29372-768x1080.webp 768w\" sizes=\"(max-width: 853px) 100vw, 853px\" \/><\/a>\n\t\t\t<\/div><\/figure><figure class='gallery-item'>\n\t\t\t<div class='gallery-icon portrait'>\n\t\t\t\t<a href='https:\/\/kolon-guclendirme.com\/karaman\/wp-content\/uploads\/sites\/65\/2023\/09\/Karaman-Frp-kaplama-sistemleri-17617.webp'><img loading=\"lazy\" decoding=\"async\" width=\"853\" height=\"1200\" src=\"https:\/\/kolon-guclendirme.com\/karaman\/wp-content\/uploads\/sites\/65\/2023\/09\/Karaman-Frp-kaplama-sistemleri-17617.webp\" class=\"attachment-large size-large\" alt=\"Sar\u0131veliler Carbon fiber teras g\u00fc\u00e7lendirme malzemesi\" srcset=\"https:\/\/kolon-guclendirme.com\/karaman\/wp-content\/uploads\/sites\/65\/2023\/09\/Karaman-Frp-kaplama-sistemleri-17617.webp 853w, https:\/\/kolon-guclendirme.com\/karaman\/wp-content\/uploads\/sites\/65\/2023\/09\/Karaman-Frp-kaplama-sistemleri-17617-768x1080.webp 768w\" sizes=\"(max-width: 853px) 100vw, 853px\" \/><\/a>\n\t\t\t<\/div><\/figure>\n\t\t<\/div>\n\n","protected":false},"excerpt":{"rendered":"<p>Karaman Kolon G\u00fc\u00e7lendirme maliyeti6100 Sar\u0131veliler Bina zemin g\u00fc\u00e7lendirmesi nas\u0131l yap\u0131l\u0131r 6480, Ba\u015fyayla Karbon ke\u00e7e duvar g\u00fc\u00e7lendirme yapanlar 456, Ayranc\u0131 Carbon ke\u00e7e duvar kaplama yapanlar 3488, Ermenek Zemin karbon fiber kaplama &#8230;<\/p>\n","protected":false},"author":1,"featured_media":1460,"comment_status":"open","ping_status":"open","sticky":false,"template":"","format":"standard","meta":{"footnotes":""},"categories":[1],"tags":[4,12,20,61,47],"_links":{"self":[{"href":"https:\/\/kolon-guclendirme.com\/karaman\/wp-json\/wp\/v2\/posts\/45"}],"collection":[{"href":"https:\/\/kolon-guclendirme.com\/karaman\/wp-json\/wp\/v2\/posts"}],"about":[{"href":"https:\/\/kolon-guclendirme.com\/karaman\/wp-json\/wp\/v2\/types\/post"}],"author":[{"embeddable":true,"href":"https:\/\/kolon-guclendirme.com\/karaman\/wp-json\/wp\/v2\/users\/1"}],"replies":[{"embeddable":true,"href":"https:\/\/kolon-guclendirme.com\/karaman\/wp-json\/wp\/v2\/comments?post=45"}],"version-history":[{"count":1,"href":"https:\/\/kolon-guclendirme.com\/karaman\/wp-json\/wp\/v2\/posts\/45\/revisions"}],"predecessor-version":[{"id":1760,"href":"https:\/\/kolon-guclendirme.com\/karaman\/wp-json\/wp\/v2\/posts\/45\/revisions\/1760"}],"wp:featuredmedia":[{"embeddable":true,"href":"https:\/\/kolon-guclendirme.com\/karaman\/wp-json\/wp\/v2\/media\/1460"}],"wp:attachment":[{"href":"https:\/\/kolon-guclendirme.com\/karaman\/wp-json\/wp\/v2\/media?parent=45"}],"wp:term":[{"taxonomy":"category","embeddable":true,"href":"https:\/\/kolon-guclendirme.com\/karaman\/wp-json\/wp\/v2\/categories?post=45"},{"taxonomy":"post_tag","embeddable":true,"href":"https:\/\/kolon-guclendirme.com\/karaman\/wp-json\/wp\/v2\/tags?post=45"}],"curies":[{"name":"wp","href":"https:\/\/api.w.org\/{rel}","templated":true}]}}