{"id":386,"date":"2023-10-01T11:53:19","date_gmt":"2023-10-01T08:53:19","guid":{"rendered":"https:\/\/kolon-guclendirme.com\/karaman\/karaman-yapi-guclendirme-yonetmeligi\/"},"modified":"2023-10-01T11:53:20","modified_gmt":"2023-10-01T08:53:20","slug":"karaman-yapi-guclendirme-yonetmeligi","status":"publish","type":"post","link":"https:\/\/kolon-guclendirme.com\/karaman\/karaman-yapi-guclendirme-yonetmeligi\/","title":{"rendered":"Karaman Yap\u0131 g\u00fc\u00e7lendirme y\u00f6netmeli\u011fi"},"content":{"rendered":"<p>Karaman Yap\u0131 g\u00fc\u00e7lendirme y\u00f6netmeli\u011fi Ba\u015fl\u0131k: Ayranc\u0131, Karaman\u2019da Karbon Fiber G\u00fc\u00e7lendirme Osmaniye Karaman Ayranc\u0131\u2019da karbon fiber g\u00fc\u00e7lendirme, Osmaniye binalar\u0131na dayan\u0131kl\u0131l\u0131k kazand\u0131r\u0131yor. Modern teknoloji ile eski yap\u0131lar\u0131 g\u00fc\u00e7lendirin. Profesyonel firmalar, kaliteli \u00e7\u00f6z\u00fcmler sunarak binan\u0131z\u0131 gelece\u011fe ta\u015f\u0131yor. G\u00fcvenli ve uzun \u00f6m\u00fcrl\u00fc ya\u015fam alanlar\u0131 i\u00e7in bu y\u00f6ntemi de\u011ferlendirin. www.kolonkirisguclendirme.com +905427483855 Instagram Facebook TikTok Twitter Medium LinkedIn Link Link Link Link Link Link<\/p>\n<p>        <!-- \/wp:paragraph --><\/p>\n<div id='gallery-1' class='gallery galleryid-386 gallery-columns-2 gallery-size-large'><figure class='gallery-item'>\n\t\t\t<div class='gallery-icon portrait'>\n\t\t\t\t<a href='https:\/\/kolon-guclendirme.com\/karaman\/wp-content\/uploads\/sites\/65\/2023\/09\/Karaman-Karbon-kece-tavan-guclendirme-fiyati-65296.webp'><img loading=\"lazy\" decoding=\"async\" width=\"853\" height=\"1200\" src=\"https:\/\/kolon-guclendirme.com\/karaman\/wp-content\/uploads\/sites\/65\/2023\/09\/Karaman-Karbon-kece-tavan-guclendirme-fiyati-65296.webp\" class=\"attachment-large size-large\" alt=\"Ayranc\u0131 Tavan karbon g\u00fc\u00e7lendirme fiyat\u0131\" srcset=\"https:\/\/kolon-guclendirme.com\/karaman\/wp-content\/uploads\/sites\/65\/2023\/09\/Karaman-Karbon-kece-tavan-guclendirme-fiyati-65296.webp 853w, https:\/\/kolon-guclendirme.com\/karaman\/wp-content\/uploads\/sites\/65\/2023\/09\/Karaman-Karbon-kece-tavan-guclendirme-fiyati-65296-768x1080.webp 768w\" sizes=\"(max-width: 853px) 100vw, 853px\" \/><\/a>\n\t\t\t<\/div><\/figure><figure class='gallery-item'>\n\t\t\t<div class='gallery-icon portrait'>\n\t\t\t\t<a href='https:\/\/kolon-guclendirme.com\/karaman\/wp-content\/uploads\/sites\/65\/2023\/09\/Karaman-Kiris-frp-fiber-guclendirme-sistemleri-31740.webp'><img loading=\"lazy\" decoding=\"async\" width=\"853\" height=\"1200\" src=\"https:\/\/kolon-guclendirme.com\/karaman\/wp-content\/uploads\/sites\/65\/2023\/09\/Karaman-Kiris-frp-fiber-guclendirme-sistemleri-31740.webp\" class=\"attachment-large size-large\" alt=\"Ermenek Tavan karbon g\u00fc\u00e7lendirme maliyeti\" srcset=\"https:\/\/kolon-guclendirme.com\/karaman\/wp-content\/uploads\/sites\/65\/2023\/09\/Karaman-Kiris-frp-fiber-guclendirme-sistemleri-31740.webp 853w, https:\/\/kolon-guclendirme.com\/karaman\/wp-content\/uploads\/sites\/65\/2023\/09\/Karaman-Kiris-frp-fiber-guclendirme-sistemleri-31740-768x1080.webp 768w\" sizes=\"(max-width: 853px) 100vw, 853px\" \/><\/a>\n\t\t\t<\/div><\/figure>\n\t\t<\/div>\n\n","protected":false},"excerpt":{"rendered":"<p>Karaman Yap\u0131 g\u00fc\u00e7lendirme y\u00f6netmeli\u011fi Ba\u015fl\u0131k: Ayranc\u0131, Karaman\u2019da Karbon Fiber G\u00fc\u00e7lendirme Osmaniye Karaman Ayranc\u0131\u2019da karbon fiber g\u00fc\u00e7lendirme, Osmaniye binalar\u0131na dayan\u0131kl\u0131l\u0131k kazand\u0131r\u0131yor. Modern teknoloji ile eski yap\u0131lar\u0131 g\u00fc\u00e7lendirin. Profesyonel firmalar, kaliteli \u00e7\u00f6z\u00fcmler &#8230;<\/p>\n","protected":false},"author":1,"featured_media":1475,"comment_status":"open","ping_status":"open","sticky":false,"template":"","format":"standard","meta":{"footnotes":""},"categories":[1],"tags":[4,19,18,16,17],"_links":{"self":[{"href":"https:\/\/kolon-guclendirme.com\/karaman\/wp-json\/wp\/v2\/posts\/386"}],"collection":[{"href":"https:\/\/kolon-guclendirme.com\/karaman\/wp-json\/wp\/v2\/posts"}],"about":[{"href":"https:\/\/kolon-guclendirme.com\/karaman\/wp-json\/wp\/v2\/types\/post"}],"author":[{"embeddable":true,"href":"https:\/\/kolon-guclendirme.com\/karaman\/wp-json\/wp\/v2\/users\/1"}],"replies":[{"embeddable":true,"href":"https:\/\/kolon-guclendirme.com\/karaman\/wp-json\/wp\/v2\/comments?post=386"}],"version-history":[{"count":1,"href":"https:\/\/kolon-guclendirme.com\/karaman\/wp-json\/wp\/v2\/posts\/386\/revisions"}],"predecessor-version":[{"id":1683,"href":"https:\/\/kolon-guclendirme.com\/karaman\/wp-json\/wp\/v2\/posts\/386\/revisions\/1683"}],"wp:featuredmedia":[{"embeddable":true,"href":"https:\/\/kolon-guclendirme.com\/karaman\/wp-json\/wp\/v2\/media\/1475"}],"wp:attachment":[{"href":"https:\/\/kolon-guclendirme.com\/karaman\/wp-json\/wp\/v2\/media?parent=386"}],"wp:term":[{"taxonomy":"category","embeddable":true,"href":"https:\/\/kolon-guclendirme.com\/karaman\/wp-json\/wp\/v2\/categories?post=386"},{"taxonomy":"post_tag","embeddable":true,"href":"https:\/\/kolon-guclendirme.com\/karaman\/wp-json\/wp\/v2\/tags?post=386"}],"curies":[{"name":"wp","href":"https:\/\/api.w.org\/{rel}","templated":true}]}}